
{"id":64959,"date":"2017-04-26T11:58:49","date_gmt":"2017-04-26T14:58:49","guid":{"rendered":"http:\/\/www.sudoestehoje.com.br\/novoportal\/?p=64959"},"modified":"2017-04-26T11:58:49","modified_gmt":"2017-04-26T14:58:49","slug":"vitoria-da-oab-novos-juizes-da-comarca-de-itapetinga-sao-finalmente-empossados","status":"publish","type":"post","link":"https:\/\/www.sudoestehoje.com.br\/novoportal\/2017\/04\/26\/vitoria-da-oab-novos-juizes-da-comarca-de-itapetinga-sao-finalmente-empossados\/","title":{"rendered":"VIT\u00d3RIA DA OAB! NOVOS JU\u00cdZES DA COMARCA DE ITAPETINGA S\u00c3O FINALMENTE EMPOSSADOS"},"content":{"rendered":"<p class=\"bodytext\"><img loading=\"lazy\" decoding=\"async\" class=\"\" src=\"https:\/\/scontent-gru2-1.xx.fbcdn.net\/v\/t1.0-9\/18157813_1365588193532578_1280656845454399094_n.jpg?oh=803ca2b4046cdde33a3d79e8600d6778&amp;oe=59C09B93\" alt=\"A imagem pode conter: uma ou mais pessoas e pessoas em p\u00e9\" width=\"501\" height=\"282\" \/><\/p>\n<p class=\"bodytext\">Ap\u00f3s enfrentar uma crise sem precedentes, o judici\u00e1rio de Itapetinga-BA, a 560 km de Salvador, inaugura hoje (25) um novo tempo, com a posse dos quatro magistrados promovidos para a Comarca local. Para a Subse\u00e7\u00e3o da Ordem dos Advogados do Brasil (OAB) na cidade do sudoeste baiano, a expectativa \u00e9 que a partir de agora sejam movimentados numerosos processos que foram acumulados ao longo de um per\u00edodo de quase um ano sem ju\u00edzes titulares na Justi\u00e7a Comum.<\/p>\n<p class=\"bodytext\">Em evento realizado nesta ter\u00e7a-feira pela OAB de Vit\u00f3ria da Conquista, o presidente da Subse\u00e7\u00e3o de Itapetinga, Fabr\u00edcio Moreira, comemorou a posse dos magistrados e agradeceu a todos que colaboraram para que a crise fosse vencida. <i>\u201cEsse grito de Itapetinga foi ouvido nacionalmente\u201d<\/i>, disse ele. Fabr\u00edcio tamb\u00e9m falou contra a possibilidade de fechamento de comarcas no interior.<\/p>\n<p class=\"bodytext\">Foram empossados Luiz S\u00e9rgio dos Santos Vieira (1\u00aa Vara dos Juizados), \u00c1lerson do Carmo Mendon\u00e7a (1\u00aa Vara C\u00edvel), M\u00e1rio Jos\u00e9 Batista Neto (2\u00aa Vara C\u00edvel) e Eg\u00eddio Lima Lopes (Vara Crime). Entretanto, apesar da boa not\u00edcia, a popula\u00e7\u00e3o ainda vai aguardar alguns dias at\u00e9 que os cart\u00f3rios voltem realmente a funcionar normalmente. \u00c9 que h\u00e1 juiz que s\u00f3 iniciar\u00e1 efetivamente suas atividades a partir dos pr\u00f3ximos 15 dias, mas o titular da 2\u00aa Vara, por exemplo, j\u00e1 estar\u00e1 trabalhando na pr\u00f3xima quinta-feira (27).<\/p>\n<p class=\"bodytext\">A promo\u00e7\u00e3o dos novos ju\u00edzes \u00e9 considerada uma vit\u00f3ria para a OAB de Itapetinga, que vinha travando uma verdadeira batalha com o Tribunal de Justi\u00e7a da Bahia (TJ-BA) na tentativa de resolver a crise do judici\u00e1rio no m\u00e9dio sudoeste. Al\u00e9m da popula\u00e7\u00e3o itapetinguense, os moradores do munic\u00edpio vizinho Itamb\u00e9 tamb\u00e9m vivenciam situa\u00e7\u00e3o semelhante e sofrem inclusive com a amea\u00e7a de ter a comarca desativada.<\/p>\n<p class=\"bodytext\">Em raz\u00e3o da falta de ju\u00edzes em Itapetinga, a classe advocat\u00edcia vinha amargando s\u00e9rios preju\u00edzos e tendo dificuldades para explicar o atraso nos processos para seus clientes. Desde que todos os magistrados foram removidos em julho do ano passado, Fabr\u00edcio Moreira come\u00e7ou a denunciar o problema para a imprensa local e para os \u00f3rg\u00e3os competentes.<\/p>\n<p class=\"bodytext\">A luta da OAB culminou na realiza\u00e7\u00e3o de um evento no in\u00edcio deste m\u00eas com a presen\u00e7a de v\u00e1rios presidentes de subse\u00e7\u00f5es, do presidente da Seccional baiana, Luiz Viana Queiroz e do Conselheiro Federal da OAB Fabr\u00edcio Castro, que tamb\u00e9m \u00e9 membro da Comiss\u00e3o de Rela\u00e7\u00f5es Institucionais da entidade e ajudou significativamente no processo de di\u00e1logo com o TJ-BA. Na ocasi\u00e3o, os advogados realizaram um protesto, amplamente divulgado nos meios de comunica\u00e7\u00e3o da regi\u00e3o. A situa\u00e7\u00e3o do judici\u00e1rio local ganhou destaque na m\u00eddia, tornando-se conhecida em todo o Estado.<\/p>\n","protected":false},"excerpt":{"rendered":"<p>Ap\u00f3s enfrentar uma crise sem precedentes, o judici\u00e1rio de Itapetinga-BA, a 560 km de Salvador, inaugura hoje (25) um novo tempo, com a posse dos quatro magistrados promovidos para a Comarca local. Para a Subse\u00e7\u00e3o da Ordem dos Advogados do Brasil (OAB) na cidade do sudoeste baiano, a expectativa \u00e9 que a partir de agora [&hellip;]<\/p>\n","protected":false},"author":2,"featured_media":0,"comment_status":"open","ping_status":"open","sticky":false,"template":"","format":"standard","meta":{"footnotes":"","_links_to":"","_links_to_target":""},"categories":[1],"tags":[],"class_list":["post-64959","post","type-post","status-publish","format-standard","hentry","category-geral"],"views":1332,"_links":{"self":[{"href":"https:\/\/www.sudoestehoje.com.br\/novoportal\/wp-json\/wp\/v2\/posts\/64959","targetHints":{"allow":["GET"]}}],"collection":[{"href":"https:\/\/www.sudoestehoje.com.br\/novoportal\/wp-json\/wp\/v2\/posts"}],"about":[{"href":"https:\/\/www.sudoestehoje.com.br\/novoportal\/wp-json\/wp\/v2\/types\/post"}],"author":[{"embeddable":true,"href":"https:\/\/www.sudoestehoje.com.br\/novoportal\/wp-json\/wp\/v2\/users\/2"}],"replies":[{"embeddable":true,"href":"https:\/\/www.sudoestehoje.com.br\/novoportal\/wp-json\/wp\/v2\/comments?post=64959"}],"version-history":[{"count":1,"href":"https:\/\/www.sudoestehoje.com.br\/novoportal\/wp-json\/wp\/v2\/posts\/64959\/revisions"}],"predecessor-version":[{"id":64961,"href":"https:\/\/www.sudoestehoje.com.br\/novoportal\/wp-json\/wp\/v2\/posts\/64959\/revisions\/64961"}],"wp:attachment":[{"href":"https:\/\/www.sudoestehoje.com.br\/novoportal\/wp-json\/wp\/v2\/media?parent=64959"}],"wp:term":[{"taxonomy":"category","embeddable":true,"href":"https:\/\/www.sudoestehoje.com.br\/novoportal\/wp-json\/wp\/v2\/categories?post=64959"},{"taxonomy":"post_tag","embeddable":true,"href":"https:\/\/www.sudoestehoje.com.br\/novoportal\/wp-json\/wp\/v2\/tags?post=64959"}],"curies":[{"name":"wp","href":"https:\/\/api.w.org\/{rel}","templated":true}]}}