
{"id":64955,"date":"2017-04-25T22:35:24","date_gmt":"2017-04-26T01:35:24","guid":{"rendered":"http:\/\/www.sudoestehoje.com.br\/novoportal\/?p=64955"},"modified":"2017-04-25T22:35:24","modified_gmt":"2017-04-26T01:35:24","slug":"itapetinga-sedia-eleicao-para-nova-diretoria-do-consorcio-do-medio-sudoeste","status":"publish","type":"post","link":"https:\/\/www.sudoestehoje.com.br\/novoportal\/2017\/04\/25\/itapetinga-sedia-eleicao-para-nova-diretoria-do-consorcio-do-medio-sudoeste\/","title":{"rendered":"ITAPETINGA SEDIA ELEI\u00c7\u00c3O PARA NOVA DIRETORIA DO CONS\u00d3RCIO DO M\u00c9DIO SUDOESTE"},"content":{"rendered":"<p><strong><img loading=\"lazy\" decoding=\"async\" class=\"\" src=\"https:\/\/scontent-gru2-1.xx.fbcdn.net\/v\/t1.0-9\/18119290_1365001950257869_2568781124473343084_n.jpg?oh=2dbef3777dd1a31856e52949bc013660&amp;oe=59922CBF\" alt=\"A imagem pode conter: uma ou mais pessoas e pessoas em p\u00e9\" width=\"501\" height=\"275\" \/><\/strong><\/p>\n<p>Aconteceu, na manh\u00e3 desta ter\u00e7a-feira, 25, na C\u00e2mara de Vereadores, uma assembleia geral para a elei\u00e7\u00e3o da nova diretoria do Cons\u00f3rcio P\u00fablico de Desenvolvimento Sustent\u00e1vel do Territ\u00f3rio M\u00e9dio Sudoeste. Os Cons\u00f3rcios P\u00fablicos s\u00e3o parcerias entre munic\u00edpios para a realiza\u00e7\u00e3o de a\u00e7\u00f5es conjuntas, incrementando a qualidade dos servi\u00e7os p\u00fablicos prestados \u00e0 popula\u00e7\u00e3o.<\/p>\n<p>Buscando formas de incrementar o crescimento da regi\u00e3o, estiveram presentes na assembleia, representantes dos 13 munic\u00edpios que comp\u00f5em o cons\u00f3rcio: Caatiba, Firmino Alves, Itarantim, Itoror\u00f3, Ibicu\u00ed, Igua\u00ed, Macarani, Maiquinique, Potiragu\u00e1, Nova Cana\u00e3, Santa Cruz da Vit\u00f3ria e a sede, Itapetinga.<\/p>\n<p>Antes de come\u00e7ar a vota\u00e7\u00e3o, o prefeito Rodrigo Hagge, como anfitri\u00e3o, abriu as atividades e parabenizou o envolvimento de todos na elei\u00e7\u00e3o que pode dar ares de esperan\u00e7a \u00e0 regi\u00e3o. Segundo ele, a forma\u00e7\u00e3o de uma chapa \u00fanica pode trazer mais for\u00e7a ao grupo, fazendo com que conquiste, junto ao governo, mais desenvolvimento ao territ\u00f3rio. \u201cViemos de uma gest\u00e3o incompetente que n\u00e3o trouxe nada para a nossa regi\u00e3o. Estamos h\u00e1 anos sem apoio estadual para o desenvolvimento dos nossos munic\u00edpios. Mas n\u00f3s n\u00e3o podemos deixar de acreditar. A forma\u00e7\u00e3o da chapa \u00fanica \u00e9 o nosso \u00faltimo voto de esperan\u00e7a de termos o Governo do Estado atuando de forma eficiente\u201d, afirmou o prefeito Rodrigo Hagge, que indicou o nome de Jorge Cheles, prefeito de Potiragu\u00e1, para compor a chapa como vice-presidente do cons\u00f3rcio.<\/p>\n<p>Em elei\u00e7\u00e3o por aclama\u00e7\u00e3o, a chapa \u00fanica liderada por Rony Moitinho, prefeito de Igua\u00ed, e por Jorge Cheles foi aprovada por unanimidade. A nova diretoria assume os trabalhos com a dif\u00edcil tarefa de buscar mais melhorias para os 13 munic\u00edpios do Territ\u00f3rio do M\u00e9dio Sudoeste da Bahia.<\/p>\n<p>Ap\u00f3s eleito, Jorge Cheles agradeceu a indica\u00e7\u00e3o e confian\u00e7a de Rodrigo Hagge e prometeu juntos formarem uma ponte para cobrar do Governo do Estado atua\u00e7\u00e3o efetiva na regi\u00e3o. Refor\u00e7ando o discurso do prefeito itapetinguense, Cheles garantiu trabalhar para honrar a esperan\u00e7a depositada no cons\u00f3rcio.<\/p>\n<p>A cria\u00e7\u00e3o do Cons\u00f3rcio do M\u00e9dio Sudoeste foi uma bandeira levantada e defendida por todos como forma de fortalecer os munic\u00edpios para enfrentar as dificuldades e desafios comuns a todos. Ascom<\/p>\n","protected":false},"excerpt":{"rendered":"<p>Aconteceu, na manh\u00e3 desta ter\u00e7a-feira, 25, na C\u00e2mara de Vereadores, uma assembleia geral para a elei\u00e7\u00e3o da nova diretoria do Cons\u00f3rcio P\u00fablico de Desenvolvimento Sustent\u00e1vel do Territ\u00f3rio M\u00e9dio Sudoeste. Os Cons\u00f3rcios P\u00fablicos s\u00e3o parcerias entre munic\u00edpios para a realiza\u00e7\u00e3o de a\u00e7\u00f5es conjuntas, incrementando a qualidade dos servi\u00e7os p\u00fablicos prestados \u00e0 popula\u00e7\u00e3o. Buscando formas de incrementar [&hellip;]<\/p>\n","protected":false},"author":2,"featured_media":0,"comment_status":"open","ping_status":"open","sticky":false,"template":"","format":"standard","meta":{"footnotes":"","_links_to":"","_links_to_target":""},"categories":[1],"tags":[],"class_list":["post-64955","post","type-post","status-publish","format-standard","hentry","category-geral"],"views":1151,"_links":{"self":[{"href":"https:\/\/www.sudoestehoje.com.br\/novoportal\/wp-json\/wp\/v2\/posts\/64955","targetHints":{"allow":["GET"]}}],"collection":[{"href":"https:\/\/www.sudoestehoje.com.br\/novoportal\/wp-json\/wp\/v2\/posts"}],"about":[{"href":"https:\/\/www.sudoestehoje.com.br\/novoportal\/wp-json\/wp\/v2\/types\/post"}],"author":[{"embeddable":true,"href":"https:\/\/www.sudoestehoje.com.br\/novoportal\/wp-json\/wp\/v2\/users\/2"}],"replies":[{"embeddable":true,"href":"https:\/\/www.sudoestehoje.com.br\/novoportal\/wp-json\/wp\/v2\/comments?post=64955"}],"version-history":[{"count":2,"href":"https:\/\/www.sudoestehoje.com.br\/novoportal\/wp-json\/wp\/v2\/posts\/64955\/revisions"}],"predecessor-version":[{"id":64958,"href":"https:\/\/www.sudoestehoje.com.br\/novoportal\/wp-json\/wp\/v2\/posts\/64955\/revisions\/64958"}],"wp:attachment":[{"href":"https:\/\/www.sudoestehoje.com.br\/novoportal\/wp-json\/wp\/v2\/media?parent=64955"}],"wp:term":[{"taxonomy":"category","embeddable":true,"href":"https:\/\/www.sudoestehoje.com.br\/novoportal\/wp-json\/wp\/v2\/categories?post=64955"},{"taxonomy":"post_tag","embeddable":true,"href":"https:\/\/www.sudoestehoje.com.br\/novoportal\/wp-json\/wp\/v2\/tags?post=64955"}],"curies":[{"name":"wp","href":"https:\/\/api.w.org\/{rel}","templated":true}]}}