
{"id":64935,"date":"2017-04-24T21:21:39","date_gmt":"2017-04-25T00:21:39","guid":{"rendered":"http:\/\/www.sudoestehoje.com.br\/novoportal\/?p=64935"},"modified":"2017-04-24T22:39:27","modified_gmt":"2017-04-25T01:39:27","slug":"principal-suspeito-de-matar-enfermeira-em-alagoinhas-e-identificado","status":"publish","type":"post","link":"https:\/\/www.sudoestehoje.com.br\/novoportal\/2017\/04\/24\/principal-suspeito-de-matar-enfermeira-em-alagoinhas-e-identificado\/","title":{"rendered":"PRINCIPAL SUSPEITO DE MATAR ENFERMEIRA EM ALAGOINHAS \u00c9 IDENTIFICADO"},"content":{"rendered":"<p><img loading=\"lazy\" decoding=\"async\" class=\"\" src=\"http:\/\/fw.atarde.com.br\/2017\/04\/750_201742415138351.jpg\" alt=\"Edvan Alves \u00e9 o principal suspeito de ter assassinado Ros\u00e2ngela Gomes - Foto: Divulga\u00e7\u00e3o | Pol\u00edcia Civil\" width=\"500\" height=\"358\" \/><\/p>\n<p>Edvan Alves dos Santos, 28 anos, principal suspeito de ter assassinado a facadas a enfermeira e professora universit\u00e1ria Ros\u00e2ngela Gomes Costa, 35 anos, no munic\u00edpio de Alagoinhas (a 122 km de Salvador), teve pris\u00e3o preventiva decretada pela justi\u00e7a neste domingo, 23. A informa\u00e7\u00e3o foi confirmada pela 1\u00aa Delegacia de Alagoinhas nesta segunda-feira, 24. At\u00e9 a publica\u00e7\u00e3o da reportagem, o suspeito ainda n\u00e3o tinha sido preso.<\/p>\n<p><img loading=\"lazy\" decoding=\"async\" class=\"\" src=\"http:\/\/www.sudoestehoje.com.br\/novoportal\/wp-content\/uploads\/2017\/04\/ENFERMEIRA-500x288.jpg\" alt=\"ENFERMEIRA\" width=\"500\" height=\"288\" \/><\/p>\n<p>De acordo com a pol\u00edcia, as investiga\u00e7\u00f5es apontam que Edvan Alves conheceu a v\u00edtima h\u00e1 cerca de seis meses. Desde ent\u00e3o, o suspeito realizou servi\u00e7os de limpeza na casa da enfermeira pelo menos outras duas vezes. Por conta disso, o homem tinha conhecimento da rotina da professora, que morava sozinha, segundo a pol\u00edcia.<\/p>\n<p>Ros\u00e2ngela Gomes foi achada morta na \u00faltima sexta-feira, 21, dentro de casa, na travessa Ant\u00f4nio Valverde Bastos, no Barreiro, mesmo bairro em que o suspeito reside.<\/p>\n<p><img loading=\"lazy\" decoding=\"async\" class=\"\" src=\"http:\/\/1.bp.blogspot.com\/-4gMAHRphA6k\/UvMG2q4I0VI\/AAAAAAAA5Fs\/XZTqZPydwPc\/s1600\/supermoda2.jpg\" alt=\"Resultado de imagem para supermoda itapetinga\" width=\"502\" height=\"127\" \/><\/p>\n","protected":false},"excerpt":{"rendered":"<p>Edvan Alves dos Santos, 28 anos, principal suspeito de ter assassinado a facadas a enfermeira e professora universit\u00e1ria Ros\u00e2ngela Gomes Costa, 35 anos, no munic\u00edpio de Alagoinhas (a 122 km de Salvador), teve pris\u00e3o preventiva decretada pela justi\u00e7a neste domingo, 23. A informa\u00e7\u00e3o foi confirmada pela 1\u00aa Delegacia de Alagoinhas nesta segunda-feira, 24. At\u00e9 a [&hellip;]<\/p>\n","protected":false},"author":2,"featured_media":0,"comment_status":"open","ping_status":"open","sticky":false,"template":"","format":"standard","meta":{"footnotes":"","_links_to":"","_links_to_target":""},"categories":[1],"tags":[],"class_list":["post-64935","post","type-post","status-publish","format-standard","hentry","category-geral"],"views":1584,"_links":{"self":[{"href":"https:\/\/www.sudoestehoje.com.br\/novoportal\/wp-json\/wp\/v2\/posts\/64935","targetHints":{"allow":["GET"]}}],"collection":[{"href":"https:\/\/www.sudoestehoje.com.br\/novoportal\/wp-json\/wp\/v2\/posts"}],"about":[{"href":"https:\/\/www.sudoestehoje.com.br\/novoportal\/wp-json\/wp\/v2\/types\/post"}],"author":[{"embeddable":true,"href":"https:\/\/www.sudoestehoje.com.br\/novoportal\/wp-json\/wp\/v2\/users\/2"}],"replies":[{"embeddable":true,"href":"https:\/\/www.sudoestehoje.com.br\/novoportal\/wp-json\/wp\/v2\/comments?post=64935"}],"version-history":[{"count":3,"href":"https:\/\/www.sudoestehoje.com.br\/novoportal\/wp-json\/wp\/v2\/posts\/64935\/revisions"}],"predecessor-version":[{"id":64946,"href":"https:\/\/www.sudoestehoje.com.br\/novoportal\/wp-json\/wp\/v2\/posts\/64935\/revisions\/64946"}],"wp:attachment":[{"href":"https:\/\/www.sudoestehoje.com.br\/novoportal\/wp-json\/wp\/v2\/media?parent=64935"}],"wp:term":[{"taxonomy":"category","embeddable":true,"href":"https:\/\/www.sudoestehoje.com.br\/novoportal\/wp-json\/wp\/v2\/categories?post=64935"},{"taxonomy":"post_tag","embeddable":true,"href":"https:\/\/www.sudoestehoje.com.br\/novoportal\/wp-json\/wp\/v2\/tags?post=64935"}],"curies":[{"name":"wp","href":"https:\/\/api.w.org\/{rel}","templated":true}]}}