
{"id":64919,"date":"2017-04-23T18:50:46","date_gmt":"2017-04-23T21:50:46","guid":{"rendered":"http:\/\/www.sudoestehoje.com.br\/novoportal\/?p=64919"},"modified":"2017-04-23T18:52:39","modified_gmt":"2017-04-23T21:52:39","slug":"brasil-morre-aos-70-anos-o-idolo-da-jovem-guarda-jerry-adriani","status":"publish","type":"post","link":"https:\/\/www.sudoestehoje.com.br\/novoportal\/2017\/04\/23\/brasil-morre-aos-70-anos-o-idolo-da-jovem-guarda-jerry-adriani\/","title":{"rendered":"BRASIL: MORRE AOS 70 ANOS O \u00cdDOLO DA JOVEM GUARDA JERRY ADRIANI"},"content":{"rendered":"<div class=\"mc-column content-text active-extra-styles active-capital-letter\" data-block-type=\"unstyled\" data-block-weight=\"35\">\n<div class=\"teads-inread xs-screen\">\n<div class=\"teads-ui-components-credits\">\n<p><del><a href=\"http:\/\/www.sudoestehoje.com.br\/novoportal\/wp-content\/uploads\/2017\/04\/jerry_adriani-4870351.jpg\"><img loading=\"lazy\" decoding=\"async\" class=\"aligncenter size-medium wp-image-64920\" src=\"http:\/\/www.sudoestehoje.com.br\/novoportal\/wp-content\/uploads\/2017\/04\/jerry_adriani-4870351-500x335.jpg\" alt=\"jerry_adriani-4870351\" width=\"500\" height=\"335\" srcset=\"https:\/\/www.sudoestehoje.com.br\/novoportal\/wp-content\/uploads\/2017\/04\/jerry_adriani-4870351-500x335.jpg 500w, https:\/\/www.sudoestehoje.com.br\/novoportal\/wp-content\/uploads\/2017\/04\/jerry_adriani-4870351.jpg 620w\" sizes=\"auto, (max-width: 500px) 100vw, 500px\" \/><\/a><\/del>Um dos grandes \u00eddolos da Jovem Guarda, o cantor Jerry Adriani morreu na tarde deste domingo, aos 70 anos. Diagnosticado com c\u00e2ncer, o m\u00fasico estava internado no Hospital Vit\u00f3ria, na Barra da Tijuca, na Zona Oeste do Rio. O corpo do cantor ser\u00e1 velado e enterrado nesta segunda-feira, no Cemit\u00e9rio do Caju, no Centro do Rio, mas ainda n\u00e3o h\u00e1 um hor\u00e1rio definido.<\/p>\n<p>Pouco depois do falecimento, a fam\u00edlia do cantor publicou uma mensagem na p\u00e1gina oficial do m\u00fasico numa rede social: &#8220;A fam\u00edlia de Jerry Adriani tem o doloroso dever de comunicar aos seus amigos o seu falecimento. Agradecemos a todos pelo enorme carinho&#8221;.<\/p>\n<p>No hospital, Jerry foi submetido a uma s\u00e9rie de exames que revelaram a doen\u00e7a. Ele chegou a receber alta e passou 15 dias em casa, antes de voltar \u00e0 unidade de sa\u00fade para nova interna\u00e7\u00e3o, vindo a falecer na tarde de hoje.<\/p>\n<\/div>\n<\/div>\n<\/div>\n","protected":false},"excerpt":{"rendered":"<p>Um dos grandes \u00eddolos da Jovem Guarda, o cantor Jerry Adriani morreu na tarde deste domingo, aos 70 anos. Diagnosticado com c\u00e2ncer, o m\u00fasico estava internado no Hospital Vit\u00f3ria, na Barra da Tijuca, na Zona Oeste do Rio. O corpo do cantor ser\u00e1 velado e enterrado nesta segunda-feira, no Cemit\u00e9rio do Caju, no Centro do [&hellip;]<\/p>\n","protected":false},"author":2,"featured_media":64920,"comment_status":"open","ping_status":"open","sticky":false,"template":"","format":"standard","meta":{"footnotes":"","_links_to":"","_links_to_target":""},"categories":[1],"tags":[],"class_list":["post-64919","post","type-post","status-publish","format-standard","has-post-thumbnail","hentry","category-geral"],"views":1675,"_links":{"self":[{"href":"https:\/\/www.sudoestehoje.com.br\/novoportal\/wp-json\/wp\/v2\/posts\/64919","targetHints":{"allow":["GET"]}}],"collection":[{"href":"https:\/\/www.sudoestehoje.com.br\/novoportal\/wp-json\/wp\/v2\/posts"}],"about":[{"href":"https:\/\/www.sudoestehoje.com.br\/novoportal\/wp-json\/wp\/v2\/types\/post"}],"author":[{"embeddable":true,"href":"https:\/\/www.sudoestehoje.com.br\/novoportal\/wp-json\/wp\/v2\/users\/2"}],"replies":[{"embeddable":true,"href":"https:\/\/www.sudoestehoje.com.br\/novoportal\/wp-json\/wp\/v2\/comments?post=64919"}],"version-history":[{"count":3,"href":"https:\/\/www.sudoestehoje.com.br\/novoportal\/wp-json\/wp\/v2\/posts\/64919\/revisions"}],"predecessor-version":[{"id":64923,"href":"https:\/\/www.sudoestehoje.com.br\/novoportal\/wp-json\/wp\/v2\/posts\/64919\/revisions\/64923"}],"wp:featuredmedia":[{"embeddable":true,"href":"https:\/\/www.sudoestehoje.com.br\/novoportal\/wp-json\/wp\/v2\/media\/64920"}],"wp:attachment":[{"href":"https:\/\/www.sudoestehoje.com.br\/novoportal\/wp-json\/wp\/v2\/media?parent=64919"}],"wp:term":[{"taxonomy":"category","embeddable":true,"href":"https:\/\/www.sudoestehoje.com.br\/novoportal\/wp-json\/wp\/v2\/categories?post=64919"},{"taxonomy":"post_tag","embeddable":true,"href":"https:\/\/www.sudoestehoje.com.br\/novoportal\/wp-json\/wp\/v2\/tags?post=64919"}],"curies":[{"name":"wp","href":"https:\/\/api.w.org\/{rel}","templated":true}]}}