
{"id":64906,"date":"2017-04-21T23:50:03","date_gmt":"2017-04-22T02:50:03","guid":{"rendered":"http:\/\/www.sudoestehoje.com.br\/novoportal\/?p=64906"},"modified":"2017-04-21T23:50:03","modified_gmt":"2017-04-22T02:50:03","slug":"itapetinga-secretaria-de-saude-inicia-campanha-de-vacinacao-contra-gripe","status":"publish","type":"post","link":"https:\/\/www.sudoestehoje.com.br\/novoportal\/2017\/04\/21\/itapetinga-secretaria-de-saude-inicia-campanha-de-vacinacao-contra-gripe\/","title":{"rendered":"ITAPETINGA: SECRETARIA DE SA\u00daDE INICIA CAMPANHA DE VACINA\u00c7\u00c3O CONTRA GRIPE"},"content":{"rendered":"<p><a href=\"http:\/\/www.sudoestehoje.com.br\/novoportal\/wp-content\/uploads\/2017\/04\/Vacinacao.jpg\"><img loading=\"lazy\" decoding=\"async\" class=\"aligncenter size-medium wp-image-64907\" src=\"http:\/\/www.sudoestehoje.com.br\/novoportal\/wp-content\/uploads\/2017\/04\/Vacinacao-500x333.jpg\" alt=\"Vacinacao\" width=\"500\" height=\"333\" srcset=\"https:\/\/www.sudoestehoje.com.br\/novoportal\/wp-content\/uploads\/2017\/04\/Vacinacao-500x333.jpg 500w, https:\/\/www.sudoestehoje.com.br\/novoportal\/wp-content\/uploads\/2017\/04\/Vacinacao.jpg 600w\" sizes=\"auto, (max-width: 500px) 100vw, 500px\" \/><\/a><\/p>\n<p>A secretaria Municipal de Sa\u00fade, em parceria com a SESAB e o Minist\u00e9rio da Sa\u00fade, realiza a 19\u00aa Campanha contra Influenza (gripe), no per\u00edodo de 17 de abril a 26 de maio de 2017, sendo 13 de maio o dia de mobiliza\u00e7\u00e3o nacional.<\/p>\n<p>O objetivo desta campanha \u00e9 reduzir a mortalidade, as complica\u00e7\u00f5es e as interna\u00e7\u00f5es decorrentes das infec\u00e7\u00f5es pelo v\u00edrus da influenza<\/p>\n<p>A popula\u00e7\u00e3o a vacinar no munic\u00edpio de Itapetinga \u00e9 de aproximadamente 17.000 pessoas, distribu\u00eddo nos seguintes grupos:<\/p>\n<p>* Crian\u00e7as de seis meses a menores de 5anos (4 anos, 11 meses e 29 dias)<\/p>\n<p>* Gestantes \u2013 em qualquer idade gestacional<\/p>\n<p>* Pu\u00e9rperas \u2013 at\u00e9 45 dias ap\u00f3s o parto<\/p>\n<p>* Trabalhadores de sa\u00fade<\/p>\n<p>* Indiv\u00edduos com 60 anos ou mais de idade<\/p>\n<p>* Portadores de doen\u00e7as cr\u00f4nicas n\u00e3o transmiss\u00edveis \u2013 independente da idade por\u00e9m mantendo a necessidade de prescri\u00e7\u00e3o m\u00e9dica, especificando o motivo da indica\u00e7\u00e3o<\/p>\n<p>* Professores da rede publica e privada em atividade estes, por orienta\u00e7\u00e3o da Coordena\u00e7\u00e3o Estadual devem comparecer nos locais de vacina\u00e7\u00e3o munidos de documento de identifica\u00e7\u00e3o e comprovante que est\u00e3o em atividade(contracheque)<\/p>\n<p>A vacina \u00e9 contraindicada para pessoas com hist\u00f3ria anafil\u00e1tica pr\u00e9via em doses anteriores ou que tenha alergia grave relacionado a ovo de galinha.<\/p>\n<p>As vacinas est\u00e3o dispon\u00edveis nas Unidades b\u00e1sicas de Sa\u00fade com exce\u00e7\u00e3o da Unidade da Vila Isabel e Primavera que est\u00e3o em reforma; no per\u00edodo da Manh\u00e3 das7 as 11hs e \u00e0 tarde das 13 as 17hs<\/p>\n<p>Salientamos que o quantitativo de vacina disponibilizado para o munic\u00edpio atrav\u00e9s da coordena\u00e7\u00e3o estadual est\u00e1 sendo de forma fracionada e na mesma propor\u00e7\u00e3o estamos abastecendo as nossas Unidades.<\/p>\n","protected":false},"excerpt":{"rendered":"<p>A secretaria Municipal de Sa\u00fade, em parceria com a SESAB e o Minist\u00e9rio da Sa\u00fade, realiza a 19\u00aa Campanha contra Influenza (gripe), no per\u00edodo de 17 de abril a 26 de maio de 2017, sendo 13 de maio o dia de mobiliza\u00e7\u00e3o nacional. O objetivo desta campanha \u00e9 reduzir a mortalidade, as complica\u00e7\u00f5es e as [&hellip;]<\/p>\n","protected":false},"author":2,"featured_media":64907,"comment_status":"open","ping_status":"open","sticky":false,"template":"","format":"standard","meta":{"footnotes":"","_links_to":"","_links_to_target":""},"categories":[1],"tags":[],"class_list":["post-64906","post","type-post","status-publish","format-standard","has-post-thumbnail","hentry","category-geral"],"views":1553,"_links":{"self":[{"href":"https:\/\/www.sudoestehoje.com.br\/novoportal\/wp-json\/wp\/v2\/posts\/64906","targetHints":{"allow":["GET"]}}],"collection":[{"href":"https:\/\/www.sudoestehoje.com.br\/novoportal\/wp-json\/wp\/v2\/posts"}],"about":[{"href":"https:\/\/www.sudoestehoje.com.br\/novoportal\/wp-json\/wp\/v2\/types\/post"}],"author":[{"embeddable":true,"href":"https:\/\/www.sudoestehoje.com.br\/novoportal\/wp-json\/wp\/v2\/users\/2"}],"replies":[{"embeddable":true,"href":"https:\/\/www.sudoestehoje.com.br\/novoportal\/wp-json\/wp\/v2\/comments?post=64906"}],"version-history":[{"count":3,"href":"https:\/\/www.sudoestehoje.com.br\/novoportal\/wp-json\/wp\/v2\/posts\/64906\/revisions"}],"predecessor-version":[{"id":64910,"href":"https:\/\/www.sudoestehoje.com.br\/novoportal\/wp-json\/wp\/v2\/posts\/64906\/revisions\/64910"}],"wp:featuredmedia":[{"embeddable":true,"href":"https:\/\/www.sudoestehoje.com.br\/novoportal\/wp-json\/wp\/v2\/media\/64907"}],"wp:attachment":[{"href":"https:\/\/www.sudoestehoje.com.br\/novoportal\/wp-json\/wp\/v2\/media?parent=64906"}],"wp:term":[{"taxonomy":"category","embeddable":true,"href":"https:\/\/www.sudoestehoje.com.br\/novoportal\/wp-json\/wp\/v2\/categories?post=64906"},{"taxonomy":"post_tag","embeddable":true,"href":"https:\/\/www.sudoestehoje.com.br\/novoportal\/wp-json\/wp\/v2\/tags?post=64906"}],"curies":[{"name":"wp","href":"https:\/\/api.w.org\/{rel}","templated":true}]}}