
{"id":64894,"date":"2017-04-21T20:08:27","date_gmt":"2017-04-21T23:08:27","guid":{"rendered":"http:\/\/www.sudoestehoje.com.br\/novoportal\/?p=64894"},"modified":"2017-04-21T20:08:59","modified_gmt":"2017-04-21T23:08:59","slug":"itapetinga-camara-realizara-audiencia-publica-para-discutir-barragem-do-catole","status":"publish","type":"post","link":"https:\/\/www.sudoestehoje.com.br\/novoportal\/2017\/04\/21\/itapetinga-camara-realizara-audiencia-publica-para-discutir-barragem-do-catole\/","title":{"rendered":"ITAPETINGA: C\u00c2MARA REALIZAR\u00c1 AUDI\u00caNCIA P\u00daBLICA PARA DISCUTIR BARRAGEM DO CATOL\u00c9"},"content":{"rendered":"<p><img loading=\"lazy\" decoding=\"async\" class=\"\" src=\"https:\/\/scontent-gru2-1.xx.fbcdn.net\/v\/t1.0-9\/18056697_1360014134089984_8269703550566373281_n.jpg?oh=3d7f84171de14e29e7250d98d39d3fba&amp;oe=598B234F\" alt=\"Nenhum texto alternativo autom\u00e1tico dispon\u00edvel.\" width=\"500\" height=\"462\" \/><\/p>\n<p>Na pr\u00f3xima ter\u00e7a-feira (25), a C\u00e2mara Municipal de Itapetinga realizar\u00e1 uma audi\u00eancia p\u00fablica, com a participa\u00e7\u00e3o da Empresa Baiana de \u00c1guas e Saneamento (Embasa), sobre a constru\u00e7\u00e3o da Barragem do Rio Catol\u00e9. O evento acontecer\u00e1 a partir das 16 horas, no Plen\u00e1rio Ulysses Guimar\u00e3es.<\/p>\n<p>A audi\u00eancia \u00e9 de iniciativa da Mesa Diretora da Casa, que \u00e9 composta pelos vereadores Eliomar Barreira\/Tarug\u00e3o (PMDB), M\u00e1rcio Piu (PSC), Fabiano Bahia (DEM), Nailton Negreiro (PRB) e Gilmar Piritiba (PSD). Segundo o presidente Eliomar Barreira, o objetivo do evento \u00e9 esclarecer as d\u00favidas da popula\u00e7\u00e3o dos munic\u00edpios do m\u00e9dio sudoeste baiano que fazem parte da Bacia do Catol\u00e9 sobre os poss\u00edveis impactos ambientais da obra. <i>\u201cNossa ideia \u00e9 que os cidad\u00e3os possam realmente participar dessa audi\u00eancia sobre um assunto que \u00e9 de grande import\u00e2ncia para o nosso munic\u00edpio\u201d<\/i>, afirmou.<\/p>\n<p>Com uma popula\u00e7\u00e3o estimada em mais de 76 mil habitantes, segundo dados do IBGE, Itapetinga \u00e9 refer\u00eancia urbana do Territ\u00f3rio de Identidade M\u00e9dio Sudoeste da Bahia, composto por 13 munic\u00edpios. O chefe do legislativo itapetinguense explicou ainda que, ao solicitar a audi\u00eancia para o presidente da Embasa, a Mesa Diretora argumentou que os munic\u00edpios de Itapetinga, Itamb\u00e9, Nova Cana\u00e3 e Caatiba tamb\u00e9m dependem do Rio Catol\u00e9 para seu abastecimento e n\u00e3o foram contemplados nas audi\u00eancias realizadas pela empresa no in\u00edcio do ano em Barra do Cho\u00e7a e Vit\u00f3ria da Conquista.<\/p>\n<p>Nesse sentido, uma equipe de t\u00e9cnicos da Embasa vir\u00e1 a Itapetinga para apresentar o plano de engenharia da constru\u00e7\u00e3o da barragem, os estudos de impacto ambiental e as a\u00e7\u00f5es socioambientais inclusas no projeto.\u00a0Por enquanto, a licita\u00e7\u00e3o das obras da Barragem do Catol\u00e9 est\u00e1 suspensa. Ao todo, R$204 milh\u00f5es ser\u00e3o investidos no empreendimento que ficar\u00e1 localizado no munic\u00edpio de Barra do Cho\u00e7a e garantir\u00e1 o abastecimento de uma popula\u00e7\u00e3o de aproximadamente 370 mil habitantes, atendida pelo Sistema Integrado de Abastecimento de \u00c1gua (SIAA) de Vit\u00f3ria da Conquista\/Belo Campo. \/\/Ascom C\u00e2mara<\/p>\n","protected":false},"excerpt":{"rendered":"<p>Na pr\u00f3xima ter\u00e7a-feira (25), a C\u00e2mara Municipal de Itapetinga realizar\u00e1 uma audi\u00eancia p\u00fablica, com a participa\u00e7\u00e3o da Empresa Baiana de \u00c1guas e Saneamento (Embasa), sobre a constru\u00e7\u00e3o da Barragem do Rio Catol\u00e9. O evento acontecer\u00e1 a partir das 16 horas, no Plen\u00e1rio Ulysses Guimar\u00e3es. A audi\u00eancia \u00e9 de iniciativa da Mesa Diretora da Casa, que [&hellip;]<\/p>\n","protected":false},"author":2,"featured_media":0,"comment_status":"open","ping_status":"open","sticky":false,"template":"","format":"standard","meta":{"footnotes":"","_links_to":"","_links_to_target":""},"categories":[1],"tags":[],"class_list":["post-64894","post","type-post","status-publish","format-standard","hentry","category-geral"],"views":1120,"_links":{"self":[{"href":"https:\/\/www.sudoestehoje.com.br\/novoportal\/wp-json\/wp\/v2\/posts\/64894","targetHints":{"allow":["GET"]}}],"collection":[{"href":"https:\/\/www.sudoestehoje.com.br\/novoportal\/wp-json\/wp\/v2\/posts"}],"about":[{"href":"https:\/\/www.sudoestehoje.com.br\/novoportal\/wp-json\/wp\/v2\/types\/post"}],"author":[{"embeddable":true,"href":"https:\/\/www.sudoestehoje.com.br\/novoportal\/wp-json\/wp\/v2\/users\/2"}],"replies":[{"embeddable":true,"href":"https:\/\/www.sudoestehoje.com.br\/novoportal\/wp-json\/wp\/v2\/comments?post=64894"}],"version-history":[{"count":1,"href":"https:\/\/www.sudoestehoje.com.br\/novoportal\/wp-json\/wp\/v2\/posts\/64894\/revisions"}],"predecessor-version":[{"id":64895,"href":"https:\/\/www.sudoestehoje.com.br\/novoportal\/wp-json\/wp\/v2\/posts\/64894\/revisions\/64895"}],"wp:attachment":[{"href":"https:\/\/www.sudoestehoje.com.br\/novoportal\/wp-json\/wp\/v2\/media?parent=64894"}],"wp:term":[{"taxonomy":"category","embeddable":true,"href":"https:\/\/www.sudoestehoje.com.br\/novoportal\/wp-json\/wp\/v2\/categories?post=64894"},{"taxonomy":"post_tag","embeddable":true,"href":"https:\/\/www.sudoestehoje.com.br\/novoportal\/wp-json\/wp\/v2\/tags?post=64894"}],"curies":[{"name":"wp","href":"https:\/\/api.w.org\/{rel}","templated":true}]}}