
{"id":64877,"date":"2017-04-19T19:25:19","date_gmt":"2017-04-19T22:25:19","guid":{"rendered":"http:\/\/www.sudoestehoje.com.br\/novoportal\/?p=64877"},"modified":"2017-04-19T19:36:17","modified_gmt":"2017-04-19T22:36:17","slug":"confirmado-o-sao-joao-de-itapetinga","status":"publish","type":"post","link":"https:\/\/www.sudoestehoje.com.br\/novoportal\/2017\/04\/19\/confirmado-o-sao-joao-de-itapetinga\/","title":{"rendered":"CONFIRMADO O S\u00c3O JO\u00c3O DE ITAPETINGA"},"content":{"rendered":"<p><img loading=\"lazy\" decoding=\"async\" class=\"\" src=\"https:\/\/scontent-gru2-1.xx.fbcdn.net\/v\/t1.0-9\/18033397_1357158904375507_5635205830623182057_n.jpg?oh=5da7daa16839f18a6d746e86538c669c&amp;oe=5980A009\" alt=\"Nenhum texto alternativo autom\u00e1tico dispon\u00edvel.\" width=\"501\" height=\"519\" \/><\/p>\n<p>A realiza\u00e7\u00e3o do S\u00e3o Jo\u00e3o de Itapetinga foi confirmada pelo prefeito Rodrigo Hagge e sua equipe, atrav\u00e9s das redes sociais, na tarde desta quarta-feira (19).<\/p>\n<p>A grande novidade nos festejos juninos deste ano \u00e9 a realiza\u00e7\u00e3o de 4 dias de festa, de 22 a 25 de junho.<\/p>\n<p>De acordo com a assessoria do prefeito, as atra\u00e7\u00f5es ser\u00e3o anunciadas durante a realiza\u00e7\u00e3o da 47\u00aa Exposi\u00e7\u00e3o Agropecu\u00e1ria de Itapetinga, a ser realizada de 16 a 21 de maio.<\/p>\n<p><strong><em>Por Davi Ferraz<\/em><\/strong><\/p>\n","protected":false},"excerpt":{"rendered":"<p>A realiza\u00e7\u00e3o do S\u00e3o Jo\u00e3o de Itapetinga foi confirmada pelo prefeito Rodrigo Hagge e sua equipe, atrav\u00e9s das redes sociais, na tarde desta quarta-feira (19). A grande novidade nos festejos juninos deste ano \u00e9 a realiza\u00e7\u00e3o de 4 dias de festa, de 22 a 25 de junho. De acordo com a assessoria do prefeito, as [&hellip;]<\/p>\n","protected":false},"author":2,"featured_media":0,"comment_status":"open","ping_status":"open","sticky":false,"template":"","format":"standard","meta":{"footnotes":"","_links_to":"","_links_to_target":""},"categories":[1],"tags":[],"class_list":["post-64877","post","type-post","status-publish","format-standard","hentry","category-geral"],"views":6114,"_links":{"self":[{"href":"https:\/\/www.sudoestehoje.com.br\/novoportal\/wp-json\/wp\/v2\/posts\/64877","targetHints":{"allow":["GET"]}}],"collection":[{"href":"https:\/\/www.sudoestehoje.com.br\/novoportal\/wp-json\/wp\/v2\/posts"}],"about":[{"href":"https:\/\/www.sudoestehoje.com.br\/novoportal\/wp-json\/wp\/v2\/types\/post"}],"author":[{"embeddable":true,"href":"https:\/\/www.sudoestehoje.com.br\/novoportal\/wp-json\/wp\/v2\/users\/2"}],"replies":[{"embeddable":true,"href":"https:\/\/www.sudoestehoje.com.br\/novoportal\/wp-json\/wp\/v2\/comments?post=64877"}],"version-history":[{"count":3,"href":"https:\/\/www.sudoestehoje.com.br\/novoportal\/wp-json\/wp\/v2\/posts\/64877\/revisions"}],"predecessor-version":[{"id":64880,"href":"https:\/\/www.sudoestehoje.com.br\/novoportal\/wp-json\/wp\/v2\/posts\/64877\/revisions\/64880"}],"wp:attachment":[{"href":"https:\/\/www.sudoestehoje.com.br\/novoportal\/wp-json\/wp\/v2\/media?parent=64877"}],"wp:term":[{"taxonomy":"category","embeddable":true,"href":"https:\/\/www.sudoestehoje.com.br\/novoportal\/wp-json\/wp\/v2\/categories?post=64877"},{"taxonomy":"post_tag","embeddable":true,"href":"https:\/\/www.sudoestehoje.com.br\/novoportal\/wp-json\/wp\/v2\/tags?post=64877"}],"curies":[{"name":"wp","href":"https:\/\/api.w.org\/{rel}","templated":true}]}}