
{"id":64875,"date":"2017-04-19T19:21:52","date_gmt":"2017-04-19T22:21:52","guid":{"rendered":"http:\/\/www.sudoestehoje.com.br\/novoportal\/?p=64875"},"modified":"2017-04-20T00:54:08","modified_gmt":"2017-04-20T03:54:08","slug":"assembleia-e-oab-firmam-pacto-contra-fechamento-de-comarcas-na-bahia","status":"publish","type":"post","link":"https:\/\/www.sudoestehoje.com.br\/novoportal\/2017\/04\/19\/assembleia-e-oab-firmam-pacto-contra-fechamento-de-comarcas-na-bahia\/","title":{"rendered":"ASSEMBLEIA E OAB FIRMAM PACTO CONTRA FECHAMENTO DE COMARCAS NA BAHIA"},"content":{"rendered":"<p><a href=\"http:\/\/www.sudoestehoje.com.br\/novoportal\/wp-content\/uploads\/2017\/04\/Encontro-ALBA-e-OAB-BA-580x228.jpg\"><img loading=\"lazy\" decoding=\"async\" class=\"aligncenter size-medium wp-image-64884\" src=\"http:\/\/www.sudoestehoje.com.br\/novoportal\/wp-content\/uploads\/2017\/04\/Encontro-ALBA-e-OAB-BA-580x228-500x197.jpg\" alt=\"Encontro-ALBA-e-OAB-BA-580x228\" width=\"500\" height=\"197\" srcset=\"https:\/\/www.sudoestehoje.com.br\/novoportal\/wp-content\/uploads\/2017\/04\/Encontro-ALBA-e-OAB-BA-580x228-500x197.jpg 500w, https:\/\/www.sudoestehoje.com.br\/novoportal\/wp-content\/uploads\/2017\/04\/Encontro-ALBA-e-OAB-BA-580x228.jpg 580w\" sizes=\"auto, (max-width: 500px) 100vw, 500px\" \/><\/a><\/p>\n<p>Os presidentes da Assembleia Legislativa da Bahia, Angelo Coronel (PSD), e da OAB-BA, Luiz Viana Queiroz, firmaram um pacto contra o fechamento de comarcas e para melhorar o acesso \u00e0 justi\u00e7a comum. Proposto pela vice-presidente da OAB-BA, Ana Patr\u00edcia Dantas Le\u00e3o, o Pacto pela Justi\u00e7a dever\u00e1 envolver, ainda, os poderes Judici\u00e1rio e Executivo.<\/p>\n<p>O planejamento do Tribunal de Justi\u00e7a da Bahia (TJ-BA) previa o fechamento de 120 das 240 comarcas instaladas no interior, segundo o presidente da AL-BA. \u201cEsse n\u00famero j\u00e1 caiu para 60, mas ainda \u00e9 muito significativo\u201d, disse o presidente Angelo Coronel.<\/p>\n<p>Para ele, a quest\u00e3o n\u00e3o \u00e9 somente financeira, mas de atendimento ao cidad\u00e3o. \u201cComo fechar uma comarca em um munic\u00edpio, por exemplo, e a mais pr\u00f3xima ficar a 200 km? Todos os poderes \u2013 Judici\u00e1rio, Executivo e Legislativo \u2013 t\u00eam a obriga\u00e7\u00e3o de debater a quest\u00e3o, desde que baseada em crit\u00e9rios objetivos e transparentes\u201d, afirma Coronel.<\/p>\n<p>O presidente da OAB-BA, Luiz Viana disse que a entidade \u201cest\u00e1 muito preocupada, porque \u00e9 obriga\u00e7\u00e3o constitucional do Estado oferecer justi\u00e7a a todos os cidad\u00e3os. Antes de fechar comarcas, \u00e9 preciso melhorar a presta\u00e7\u00e3o jurisdicional, com mais ju\u00edzes e serventu\u00e1rios\u201d. Viana defende a racionaliza\u00e7\u00e3o da estrutura baseada n\u00e3o s\u00f3 em crit\u00e9rios t\u00e9cnicos, mas sociais.<strong><span id=\"more-178896\"><\/span><br \/>\n<\/strong><br \/>\nAcompanhando Luiz Viana e Ana Patr\u00edcia, participaram do encontro o secret\u00e1rio-geral, Carlos Medauar, a diretora tesoureira, Daniela Borges, o conselheiro federal Fabr\u00edcio Castro Oliveira, que \u00e9 tamb\u00e9m presidente da Comiss\u00e3o de Rela\u00e7\u00f5es Institucionais da OAB-BA, o conselheiro seccional Rafael Matos, e Esmeralda Oliveira, integrante da comiss\u00e3o, al\u00e9m do advogado e deputado estadual Luciano Ribeiro (DEM), que levou seu apoio \u00e0 proposta da Ordem.<\/p>\n","protected":false},"excerpt":{"rendered":"<p>Os presidentes da Assembleia Legislativa da Bahia, Angelo Coronel (PSD), e da OAB-BA, Luiz Viana Queiroz, firmaram um pacto contra o fechamento de comarcas e para melhorar o acesso \u00e0 justi\u00e7a comum. Proposto pela vice-presidente da OAB-BA, Ana Patr\u00edcia Dantas Le\u00e3o, o Pacto pela Justi\u00e7a dever\u00e1 envolver, ainda, os poderes Judici\u00e1rio e Executivo. O planejamento [&hellip;]<\/p>\n","protected":false},"author":2,"featured_media":64884,"comment_status":"open","ping_status":"open","sticky":false,"template":"","format":"standard","meta":{"footnotes":"","_links_to":"","_links_to_target":""},"categories":[1],"tags":[],"class_list":["post-64875","post","type-post","status-publish","format-standard","has-post-thumbnail","hentry","category-geral"],"views":1344,"_links":{"self":[{"href":"https:\/\/www.sudoestehoje.com.br\/novoportal\/wp-json\/wp\/v2\/posts\/64875","targetHints":{"allow":["GET"]}}],"collection":[{"href":"https:\/\/www.sudoestehoje.com.br\/novoportal\/wp-json\/wp\/v2\/posts"}],"about":[{"href":"https:\/\/www.sudoestehoje.com.br\/novoportal\/wp-json\/wp\/v2\/types\/post"}],"author":[{"embeddable":true,"href":"https:\/\/www.sudoestehoje.com.br\/novoportal\/wp-json\/wp\/v2\/users\/2"}],"replies":[{"embeddable":true,"href":"https:\/\/www.sudoestehoje.com.br\/novoportal\/wp-json\/wp\/v2\/comments?post=64875"}],"version-history":[{"count":2,"href":"https:\/\/www.sudoestehoje.com.br\/novoportal\/wp-json\/wp\/v2\/posts\/64875\/revisions"}],"predecessor-version":[{"id":64885,"href":"https:\/\/www.sudoestehoje.com.br\/novoportal\/wp-json\/wp\/v2\/posts\/64875\/revisions\/64885"}],"wp:featuredmedia":[{"embeddable":true,"href":"https:\/\/www.sudoestehoje.com.br\/novoportal\/wp-json\/wp\/v2\/media\/64884"}],"wp:attachment":[{"href":"https:\/\/www.sudoestehoje.com.br\/novoportal\/wp-json\/wp\/v2\/media?parent=64875"}],"wp:term":[{"taxonomy":"category","embeddable":true,"href":"https:\/\/www.sudoestehoje.com.br\/novoportal\/wp-json\/wp\/v2\/categories?post=64875"},{"taxonomy":"post_tag","embeddable":true,"href":"https:\/\/www.sudoestehoje.com.br\/novoportal\/wp-json\/wp\/v2\/tags?post=64875"}],"curies":[{"name":"wp","href":"https:\/\/api.w.org\/{rel}","templated":true}]}}