
{"id":64873,"date":"2017-04-19T10:14:09","date_gmt":"2017-04-19T13:14:09","guid":{"rendered":"http:\/\/www.sudoestehoje.com.br\/novoportal\/?p=64873"},"modified":"2017-04-20T08:27:21","modified_gmt":"2017-04-20T11:27:21","slug":"educacao-municipal-de-itapetinga-tera-escolas-de-tempo-integral-ainda-em-2017","status":"publish","type":"post","link":"https:\/\/www.sudoestehoje.com.br\/novoportal\/2017\/04\/19\/educacao-municipal-de-itapetinga-tera-escolas-de-tempo-integral-ainda-em-2017\/","title":{"rendered":"EDUCA\u00c7\u00c3O MUNICIPAL DE ITAPETINGA TER\u00c1 ESCOLAS DE TEMPO INTEGRAL AINDA EM 2017"},"content":{"rendered":"<p><img loading=\"lazy\" decoding=\"async\" class=\"\" src=\"https:\/\/scontent-gru2-1.xx.fbcdn.net\/v\/t1.0-9\/18010449_1321341954621951_3849031608156020516_n.jpg?oh=c6fdf4b636a386c045853c59a471217d&amp;oe=598F808B\" alt=\"A imagem pode conter: 10 pessoas, pessoas sorrindo, pessoas em p\u00e9 e atividades ao ar livre\" width=\"500\" height=\"375\" \/><\/p>\n<p>Uma comitiva liderada pelo Prefeito Rodrigo Hagge e o Secret\u00e1rio de Educa\u00e7\u00e3o Geraldo Trindade reuniu-se com a equipe da Secretaria Municipal de Educa\u00e7\u00e3o de Salvador para conhecer diversos projetos de escolas em tempo integral como parte do embasamento necess\u00e1rio para a implanta\u00e7\u00e3o do modelo de educa\u00e7\u00e3o integral em Itapetinga ainda em 2017.<\/p>\n<p><img loading=\"lazy\" decoding=\"async\" class=\"\" src=\"https:\/\/scontent-gru2-1.xx.fbcdn.net\/v\/t1.0-9\/17952529_1321341591288654_2293808561719934277_n.jpg?oh=59ced4d52c916d42629cdfe05cd07e4f&amp;oe=59809BFB\" alt=\"A imagem pode conter: 17 pessoas, pessoas sentadas e \u00e1rea interna\" width=\"500\" height=\"375\" \/><\/p>\n<p>A proposta de educa\u00e7\u00e3o integral deve ser assumida por todos os participantes do processo educacional e n\u00e3o ser\u00e1 implantada em Itapetinga de cima para baixo, mas com a participa\u00e7\u00e3o de todos os envolvidos desde a sua concep\u00e7\u00e3o, afirmou o Prefeito Rodrigo Hagge. Partindo desse princ\u00edpio tamb\u00e9m fizeram parte da equipe as professoras Ilana Galv\u00e3o, Benelza Novaes e Cristina Raphaele do Col\u00e9gio Jos\u00e9 Marcos Gusm\u00e3o, as assessoras da Secretaria de Educa\u00e7\u00e3o Ieda Xavier e J\u00e1dila Couto e Silvana Ferreira Presidente do Conselho Municipal de Educa\u00e7\u00e3o.<\/p>\n<p><img loading=\"lazy\" decoding=\"async\" class=\"\" src=\"https:\/\/scontent-gru2-1.xx.fbcdn.net\/v\/t1.0-9\/17952871_1321341407955339_5711602995864463547_n.jpg?oh=61abcc81a538bb465ef59752bd207938&amp;oe=594FF868\" alt=\"A imagem pode conter: 6 pessoas, pessoas sorrindo, pessoas em p\u00e9 e atividades ao ar livre\" width=\"501\" height=\"376\" \/><\/p>\n<p>A equipe foi recebida no gabinete da Secret\u00e1ria de Educa\u00e7\u00e3o Paloma Modesto, onde foram discutidas as bases pedag\u00f3gicas e financeiras para implanta\u00e7\u00e3o da educa\u00e7\u00e3o em tempo integral, em in\u00edcio de execu\u00e7\u00e3o em algumas escolas da capital do Estado. Nas reuni\u00f5es foram suscitadas v\u00e1rias discuss\u00f5es visando a constru\u00e7\u00e3o de um modelo que v\u00e1 al\u00e9m da amplia\u00e7\u00e3o da perman\u00eancia dos alunos na escola, mas que tamb\u00e9m fomente o envolvimento de outros profissionais da escola, da fam\u00edlia e demais setores da sociedade.<\/p>\n<p><img loading=\"lazy\" decoding=\"async\" class=\"\" src=\"https:\/\/scontent-gru2-1.xx.fbcdn.net\/v\/t1.0-9\/17952788_1321342231288590_6665008386461569607_n.jpg?oh=0a9ec13858f140f0426ff710013e2827&amp;oe=598702A2\" alt=\"A imagem pode conter: 3 pessoas, pessoas sentadas e \u00e1rea interna\" width=\"500\" height=\"375\" \/><\/p>\n<p>Dentre as visitas dois projetos chamaram a aten\u00e7\u00e3o do grupo: o Projeto Escolab implantado na Escola Cid Passos no sub\u00farbio ferrovi\u00e1rio, tendo como foco a inova\u00e7\u00e3o e a tecnologia. O Escolab \u00e9 um centro de educa\u00e7\u00e3o diferente, equipado com tablets, notebooks, impressoras 3D, plataforma digital, pra\u00e7a de arvorismo, museu e outros espa\u00e7os educativos, atendendo no turno oposto alunos de cinco escolas do seu entorno.<\/p>\n<p><img loading=\"lazy\" decoding=\"async\" class=\"\" src=\"https:\/\/scontent-gru2-1.xx.fbcdn.net\/v\/t1.0-9\/17992077_1321342247955255_5060209172152706725_n.jpg?oh=eb4d202f435afa288010d7b75f6a7053&amp;oe=595098C8\" alt=\"A imagem pode conter: 3 pessoas\" width=\"501\" height=\"376\" \/><\/p>\n<p>Em outro modelo em andamento, mas n\u00e3o menos fascinante a equipe passou a tarde na escola de tempo integral Parque S\u00e3o Crist\u00f3v\u00e3o tamb\u00e9m na periferia de Salvador onde as disciplinas da base comum s\u00e3o distribu\u00eddas nos dois turnos de aula, mescladas com v\u00e1rias outras atividades num arranjo onde a integra\u00e7\u00e3o com a comunidade local \u00e9 o grande fio condutor e articulador do processo educativo, tendo todos os espa\u00e7os dispon\u00edveis al\u00e9m das salas de aula tradicionais sendo utilizados como ambientes de aprendizagem.<\/p>\n<p><img loading=\"lazy\" decoding=\"async\" class=\"\" src=\"https:\/\/scontent-gru2-1.xx.fbcdn.net\/v\/t1.0-9\/18033445_1321342664621880_6448573871186341752_n.jpg?oh=0e72b5d8047b33512119f6ae768d8563&amp;oe=5988EF47\" alt=\"A imagem pode conter: 6 pessoas, pessoas sentadas\" width=\"500\" height=\"375\" \/><\/p>\n<p>Segundo o Secret\u00e1rio de Educa\u00e7\u00e3o Geraldo Trindade ap\u00f3s o retorno da viagem a equipe j\u00e1 est\u00e1 se debru\u00e7ando sobre o projeto com o apoio e entusiasmo do Prefeito Rodrigo Hagge. Algumas decis\u00f5es j\u00e1 foram tomadas e est\u00e3o em fase de implanta\u00e7\u00e3o como a cria\u00e7\u00e3o da Coordena\u00e7\u00e3o de Educa\u00e7\u00e3o em Tempo Integral da Secretaria Municipal de Educa\u00e7\u00e3o, cria\u00e7\u00e3o do grupo de discuss\u00e3o e elabora\u00e7\u00e3o do projeto de tempo integral do Col\u00e9gio Jos\u00e9 Marcos Gusm\u00e3o que dever\u00e1 ser modelo regional, como tamb\u00e9m a implanta\u00e7\u00e3o dos dois primeiros polos de educa\u00e7\u00e3o integral de Itapetinga nos Col\u00e9gios Jos\u00e9 Marcos Gusm\u00e3o (antigo Noralice) e Col\u00e9gio Paulo Hagge (CAIC) ainda em 2017 quando, al\u00e9m de tr\u00eas refei\u00e7\u00f5es di\u00e1rias, os alunos ter\u00e3o atividades did\u00e1ticas, l\u00fadicas, esportivas, de inicia\u00e7\u00e3o cient\u00edfica, tecnol\u00f3gicas, art\u00edsticas, comunica\u00e7\u00e3o, meio ambiente, pr\u00e1ticas socioculturais numa jornada di\u00e1ria de sete horas no ambiente escolar. \/\/Ascom Sec, Educa\u00e7\u00e3o<\/p>\n<p><img loading=\"lazy\" decoding=\"async\" class=\"\" src=\"https:\/\/scontent-gru2-1.xx.fbcdn.net\/v\/t1.0-9\/18033140_1321340654622081_8413855939067144390_n.jpg?oh=8e18f899aee642e9ebab3ec0326ed285&amp;oe=5998B71E\" alt=\"Nenhum texto alternativo autom\u00e1tico dispon\u00edvel.\" width=\"500\" height=\"375\" \/><\/p>\n","protected":false},"excerpt":{"rendered":"<p>Uma comitiva liderada pelo Prefeito Rodrigo Hagge e o Secret\u00e1rio de Educa\u00e7\u00e3o Geraldo Trindade reuniu-se com a equipe da Secretaria Municipal de Educa\u00e7\u00e3o de Salvador para conhecer diversos projetos de escolas em tempo integral como parte do embasamento necess\u00e1rio para a implanta\u00e7\u00e3o do modelo de educa\u00e7\u00e3o integral em Itapetinga ainda em 2017. A proposta de [&hellip;]<\/p>\n","protected":false},"author":2,"featured_media":0,"comment_status":"open","ping_status":"open","sticky":false,"template":"","format":"standard","meta":{"footnotes":"","_links_to":"","_links_to_target":""},"categories":[1],"tags":[],"class_list":["post-64873","post","type-post","status-publish","format-standard","hentry","category-geral"],"views":1489,"_links":{"self":[{"href":"https:\/\/www.sudoestehoje.com.br\/novoportal\/wp-json\/wp\/v2\/posts\/64873","targetHints":{"allow":["GET"]}}],"collection":[{"href":"https:\/\/www.sudoestehoje.com.br\/novoportal\/wp-json\/wp\/v2\/posts"}],"about":[{"href":"https:\/\/www.sudoestehoje.com.br\/novoportal\/wp-json\/wp\/v2\/types\/post"}],"author":[{"embeddable":true,"href":"https:\/\/www.sudoestehoje.com.br\/novoportal\/wp-json\/wp\/v2\/users\/2"}],"replies":[{"embeddable":true,"href":"https:\/\/www.sudoestehoje.com.br\/novoportal\/wp-json\/wp\/v2\/comments?post=64873"}],"version-history":[{"count":2,"href":"https:\/\/www.sudoestehoje.com.br\/novoportal\/wp-json\/wp\/v2\/posts\/64873\/revisions"}],"predecessor-version":[{"id":64886,"href":"https:\/\/www.sudoestehoje.com.br\/novoportal\/wp-json\/wp\/v2\/posts\/64873\/revisions\/64886"}],"wp:attachment":[{"href":"https:\/\/www.sudoestehoje.com.br\/novoportal\/wp-json\/wp\/v2\/media?parent=64873"}],"wp:term":[{"taxonomy":"category","embeddable":true,"href":"https:\/\/www.sudoestehoje.com.br\/novoportal\/wp-json\/wp\/v2\/categories?post=64873"},{"taxonomy":"post_tag","embeddable":true,"href":"https:\/\/www.sudoestehoje.com.br\/novoportal\/wp-json\/wp\/v2\/tags?post=64873"}],"curies":[{"name":"wp","href":"https:\/\/api.w.org\/{rel}","templated":true}]}}