
{"id":64862,"date":"2017-04-17T23:42:57","date_gmt":"2017-04-18T02:42:57","guid":{"rendered":"http:\/\/www.sudoestehoje.com.br\/novoportal\/?p=64862"},"modified":"2017-04-17T23:42:57","modified_gmt":"2017-04-18T02:42:57","slug":"itapetinga-nivaldo-viana-retorna-ao-programa-na-boca-do-povo-nesta-terca","status":"publish","type":"post","link":"https:\/\/www.sudoestehoje.com.br\/novoportal\/2017\/04\/17\/itapetinga-nivaldo-viana-retorna-ao-programa-na-boca-do-povo-nesta-terca\/","title":{"rendered":"ITAPETINGA: NIVALDO VIANA RETORNA AO PROGRAMA &#8220;NA BOCA DO POVO&#8221; NESTA TER\u00c7A"},"content":{"rendered":"<p><a href=\"http:\/\/www.sudoestehoje.com.br\/novoportal\/wp-content\/uploads\/2017\/04\/nivaldo-viana.jpg\"><img loading=\"lazy\" decoding=\"async\" class=\"aligncenter size-medium wp-image-64863\" src=\"http:\/\/www.sudoestehoje.com.br\/novoportal\/wp-content\/uploads\/2017\/04\/nivaldo-viana-500x280.jpg\" alt=\"nivaldo-viana\" width=\"500\" height=\"280\" srcset=\"https:\/\/www.sudoestehoje.com.br\/novoportal\/wp-content\/uploads\/2017\/04\/nivaldo-viana-500x280.jpg 500w, https:\/\/www.sudoestehoje.com.br\/novoportal\/wp-content\/uploads\/2017\/04\/nivaldo-viana.jpg 526w\" sizes=\"auto, (max-width: 500px) 100vw, 500px\" \/><\/a><\/p>\n<p>A partir desta ter\u00e7a-feira (18), um dos comunicadores mais populares de Itapetinga, Nivaldo Viana estar\u00e1 de volta ao r\u00e1dio, ap\u00f3s tr\u00eas anos de afastamento.<\/p>\n<p>Afastado involuntariamente em 2014, para dar lugar ao ent\u00e3o vereador Amaral Junior, Nivaldo esperou pacientemente o dia do seu retorno, para alegria dos ouvintes da R\u00e1dio Fascina\u00e7\u00e3o.<\/p>\n<p>Nesta nova etapa da sua carreira, Nivaldo volta ao programa &#8220;Na Boca do Povo&#8221; para apresentar as not\u00edcias policiais, \u00a0ao lado do comunicador Valdomiro Mota, que comanda o notici\u00e1rio pol\u00edtico do hor\u00e1rio.<\/p>\n<p>O Sudoeste Hoje deseja ao injusti\u00e7ado e competente Nivaldo, todo sucesso nesta nova fase do sua vida profissional.<\/p>\n<p><strong><em>Por Davi Ferraz\u00a0<\/em><\/strong><\/p>\n","protected":false},"excerpt":{"rendered":"<p>A partir desta ter\u00e7a-feira (18), um dos comunicadores mais populares de Itapetinga, Nivaldo Viana estar\u00e1 de volta ao r\u00e1dio, ap\u00f3s tr\u00eas anos de afastamento. Afastado involuntariamente em 2014, para dar lugar ao ent\u00e3o vereador Amaral Junior, Nivaldo esperou pacientemente o dia do seu retorno, para alegria dos ouvintes da R\u00e1dio Fascina\u00e7\u00e3o. Nesta nova etapa da [&hellip;]<\/p>\n","protected":false},"author":2,"featured_media":64863,"comment_status":"open","ping_status":"open","sticky":false,"template":"","format":"standard","meta":{"footnotes":"","_links_to":"","_links_to_target":""},"categories":[1],"tags":[],"class_list":["post-64862","post","type-post","status-publish","format-standard","has-post-thumbnail","hentry","category-geral"],"views":3230,"_links":{"self":[{"href":"https:\/\/www.sudoestehoje.com.br\/novoportal\/wp-json\/wp\/v2\/posts\/64862","targetHints":{"allow":["GET"]}}],"collection":[{"href":"https:\/\/www.sudoestehoje.com.br\/novoportal\/wp-json\/wp\/v2\/posts"}],"about":[{"href":"https:\/\/www.sudoestehoje.com.br\/novoportal\/wp-json\/wp\/v2\/types\/post"}],"author":[{"embeddable":true,"href":"https:\/\/www.sudoestehoje.com.br\/novoportal\/wp-json\/wp\/v2\/users\/2"}],"replies":[{"embeddable":true,"href":"https:\/\/www.sudoestehoje.com.br\/novoportal\/wp-json\/wp\/v2\/comments?post=64862"}],"version-history":[{"count":1,"href":"https:\/\/www.sudoestehoje.com.br\/novoportal\/wp-json\/wp\/v2\/posts\/64862\/revisions"}],"predecessor-version":[{"id":64864,"href":"https:\/\/www.sudoestehoje.com.br\/novoportal\/wp-json\/wp\/v2\/posts\/64862\/revisions\/64864"}],"wp:featuredmedia":[{"embeddable":true,"href":"https:\/\/www.sudoestehoje.com.br\/novoportal\/wp-json\/wp\/v2\/media\/64863"}],"wp:attachment":[{"href":"https:\/\/www.sudoestehoje.com.br\/novoportal\/wp-json\/wp\/v2\/media?parent=64862"}],"wp:term":[{"taxonomy":"category","embeddable":true,"href":"https:\/\/www.sudoestehoje.com.br\/novoportal\/wp-json\/wp\/v2\/categories?post=64862"},{"taxonomy":"post_tag","embeddable":true,"href":"https:\/\/www.sudoestehoje.com.br\/novoportal\/wp-json\/wp\/v2\/tags?post=64862"}],"curies":[{"name":"wp","href":"https:\/\/api.w.org\/{rel}","templated":true}]}}