
{"id":64827,"date":"2017-04-16T18:23:03","date_gmt":"2017-04-16T21:23:03","guid":{"rendered":"http:\/\/www.sudoestehoje.com.br\/novoportal\/?p=64827"},"modified":"2017-04-16T18:23:03","modified_gmt":"2017-04-16T21:23:03","slug":"semana-santa-violenta-assusta-itapetinga","status":"publish","type":"post","link":"https:\/\/www.sudoestehoje.com.br\/novoportal\/2017\/04\/16\/semana-santa-violenta-assusta-itapetinga\/","title":{"rendered":"SEMANA SANTA VIOLENTA ASSUSTA ITAPETINGA"},"content":{"rendered":"<p><img loading=\"lazy\" decoding=\"async\" class=\"\" src=\"http:\/\/www.itapetinganamidia.com\/wp-content\/uploads\/2017\/04\/Chamada-Homicidio-1.jpg\" width=\"500\" height=\"281\" \/><\/p>\n<p>Uma s\u00e9rie de tiroteios e dois assassinatos marcaram a &#8216;sexta-feira santa&#8217; em Itapetinga, Capital do M\u00e9dio Sudoeste Baiano, deixando a popula\u00e7\u00e3o extremamente assustada com a inesperada onda de viol\u00eancia, j\u00e1 que os \u00edndices de mortes violentas no munic\u00edpio vinham cindo vertiginosamente nos \u00faltimos meses.<\/p>\n<p>Al\u00e9m dos v\u00e1rios disparos com armas de fogo que\u00a0acorreram nas Vilas, duas execu\u00e7\u00f5es com aconteceram no bairro Nova Itapetinga, ceifando as vidas de Luciano Machado Almeida, o &#8220;Jacar\u00e9\u201d, presidi\u00e1rio de 36 anos que gozava do &#8216;Indulto de P\u00e1scoa&#8217;, e Wesley Soares, o \u00a0\u201cZ\u00f3i\u201d, por raz\u00f5es ainda n\u00e3o esclarecidas.<\/p>\n<p><img loading=\"lazy\" decoding=\"async\" class=\"\" src=\"http:\/\/www.blogdotarugao.com.br\/v1\/wp-content\/uploads\/2017\/04\/Wesley-1.jpg\" alt=\"Wesley-1\" width=\"500\" height=\"424\" \/><\/p>\n<p>Wesley, que era casado e tinha um filho de apenas 1 ano, foi executado com v\u00e1rios tiros em via p\u00fablica, em local pr\u00f3ximo ao assassinato de &#8220;Jacar\u00e9&#8221;, seis horas ap\u00f3s o primeiro crime.<\/p>\n<p>Sem apontar causas, a Pol\u00edcia Civil investiga os dois casos sob suspeita de envolvimentos com drogas ou prov\u00e1veis acertos de contas entre grupos rivais.<\/p>\n<p><strong><em>Por Davi Ferraz<\/em><\/strong><\/p>\n","protected":false},"excerpt":{"rendered":"<p>Uma s\u00e9rie de tiroteios e dois assassinatos marcaram a &#8216;sexta-feira santa&#8217; em Itapetinga, Capital do M\u00e9dio Sudoeste Baiano, deixando a popula\u00e7\u00e3o extremamente assustada com a inesperada onda de viol\u00eancia, j\u00e1 que os \u00edndices de mortes violentas no munic\u00edpio vinham cindo vertiginosamente nos \u00faltimos meses. Al\u00e9m dos v\u00e1rios disparos com armas de fogo que\u00a0acorreram nas Vilas, [&hellip;]<\/p>\n","protected":false},"author":2,"featured_media":0,"comment_status":"open","ping_status":"open","sticky":false,"template":"","format":"standard","meta":{"footnotes":"","_links_to":"","_links_to_target":""},"categories":[1],"tags":[],"class_list":["post-64827","post","type-post","status-publish","format-standard","hentry","category-geral"],"views":3172,"_links":{"self":[{"href":"https:\/\/www.sudoestehoje.com.br\/novoportal\/wp-json\/wp\/v2\/posts\/64827","targetHints":{"allow":["GET"]}}],"collection":[{"href":"https:\/\/www.sudoestehoje.com.br\/novoportal\/wp-json\/wp\/v2\/posts"}],"about":[{"href":"https:\/\/www.sudoestehoje.com.br\/novoportal\/wp-json\/wp\/v2\/types\/post"}],"author":[{"embeddable":true,"href":"https:\/\/www.sudoestehoje.com.br\/novoportal\/wp-json\/wp\/v2\/users\/2"}],"replies":[{"embeddable":true,"href":"https:\/\/www.sudoestehoje.com.br\/novoportal\/wp-json\/wp\/v2\/comments?post=64827"}],"version-history":[{"count":2,"href":"https:\/\/www.sudoestehoje.com.br\/novoportal\/wp-json\/wp\/v2\/posts\/64827\/revisions"}],"predecessor-version":[{"id":64829,"href":"https:\/\/www.sudoestehoje.com.br\/novoportal\/wp-json\/wp\/v2\/posts\/64827\/revisions\/64829"}],"wp:attachment":[{"href":"https:\/\/www.sudoestehoje.com.br\/novoportal\/wp-json\/wp\/v2\/media?parent=64827"}],"wp:term":[{"taxonomy":"category","embeddable":true,"href":"https:\/\/www.sudoestehoje.com.br\/novoportal\/wp-json\/wp\/v2\/categories?post=64827"},{"taxonomy":"post_tag","embeddable":true,"href":"https:\/\/www.sudoestehoje.com.br\/novoportal\/wp-json\/wp\/v2\/tags?post=64827"}],"curies":[{"name":"wp","href":"https:\/\/api.w.org\/{rel}","templated":true}]}}