
{"id":64817,"date":"2017-04-14T22:26:34","date_gmt":"2017-04-15T01:26:34","guid":{"rendered":"http:\/\/www.sudoestehoje.com.br\/novoportal\/?p=64817"},"modified":"2017-04-14T22:26:34","modified_gmt":"2017-04-15T01:26:34","slug":"revista-aponta-o-fim-de-lula-apos-delacoes-devastadoras-da-odebrecht","status":"publish","type":"post","link":"https:\/\/www.sudoestehoje.com.br\/novoportal\/2017\/04\/14\/revista-aponta-o-fim-de-lula-apos-delacoes-devastadoras-da-odebrecht\/","title":{"rendered":"REVISTA APONTA &#8216;O FIM DE LULA&#8217; AP\u00d3S DELA\u00c7\u00d5ES DEVASTADORAS DA ODEBRECHT"},"content":{"rendered":"<p><img loading=\"lazy\" decoding=\"async\" class=\"\" src=\"http:\/\/www.diariodopoder.com.br\/style\/images\/images\/lula%20e%20capa%20fim%20de%20isto%20fim%20de%20lula.jpg\" width=\"501\" height=\"306\" \/><\/p>\n<p>A revista <em>Isto\u00c9<\/em> que circula a partir desta quinta-feira (12) conclui que, sob os escombros das dela\u00e7\u00f5es da Odebrecht, chega ao fim o ex-presidente Luiz In\u00e1cio Lula da Silva, que &#8220;nunca mais ser\u00e1 o mesmo&#8221;. A revista acha que disso tudo talvez sobre um Silva ou um Luiz In\u00e1cio, mas &#8220;nunca mais um Lula&#8221;. Acabou.<\/p>\n<p>A reportagem de capa da revista reflete a repercuss\u00e3o dos impactantes v\u00eddeos mostrando empres\u00e1rios e executivos da empreiteira Odebrecht contando como corrompeu o ex-presidente Lula, todos os seus antecessores ainda vivos, parlamentares de situa\u00e7\u00e3o e oposi\u00e7\u00e3o, governadores, pol\u00edticos de todos os partidos.<\/p>\n<p>&#8220;Para o petista, as dela\u00e7\u00f5es dos executivos da Odebrecht foram acachapantes. Restaram claro que a autoproclamada \u201c&#8217;alma mais honesta&#8217;, a quem um dia milhares de brasileiros confiaram a miss\u00e3o de mudar radicalmente a maneira de fazer pol\u00edtica no Pa\u00eds, se beneficiou pessoalmente dos il\u00edcitos \u2013 e estendeu as benesses aos seus familiares. Sem sequer corar a face, o petista abandonou ao l\u00e9u sua principal bandeira, a da \u00e9tica \u2013 se \u00e9 que um dia foi verdade&#8221;, publica a revista.\/\/DP<\/p>\n","protected":false},"excerpt":{"rendered":"<p>A revista Isto\u00c9 que circula a partir desta quinta-feira (12) conclui que, sob os escombros das dela\u00e7\u00f5es da Odebrecht, chega ao fim o ex-presidente Luiz In\u00e1cio Lula da Silva, que &#8220;nunca mais ser\u00e1 o mesmo&#8221;. A revista acha que disso tudo talvez sobre um Silva ou um Luiz In\u00e1cio, mas &#8220;nunca mais um Lula&#8221;. Acabou. [&hellip;]<\/p>\n","protected":false},"author":2,"featured_media":0,"comment_status":"open","ping_status":"open","sticky":false,"template":"","format":"standard","meta":{"footnotes":"","_links_to":"","_links_to_target":""},"categories":[1],"tags":[],"class_list":["post-64817","post","type-post","status-publish","format-standard","hentry","category-geral"],"views":1053,"_links":{"self":[{"href":"https:\/\/www.sudoestehoje.com.br\/novoportal\/wp-json\/wp\/v2\/posts\/64817","targetHints":{"allow":["GET"]}}],"collection":[{"href":"https:\/\/www.sudoestehoje.com.br\/novoportal\/wp-json\/wp\/v2\/posts"}],"about":[{"href":"https:\/\/www.sudoestehoje.com.br\/novoportal\/wp-json\/wp\/v2\/types\/post"}],"author":[{"embeddable":true,"href":"https:\/\/www.sudoestehoje.com.br\/novoportal\/wp-json\/wp\/v2\/users\/2"}],"replies":[{"embeddable":true,"href":"https:\/\/www.sudoestehoje.com.br\/novoportal\/wp-json\/wp\/v2\/comments?post=64817"}],"version-history":[{"count":2,"href":"https:\/\/www.sudoestehoje.com.br\/novoportal\/wp-json\/wp\/v2\/posts\/64817\/revisions"}],"predecessor-version":[{"id":64819,"href":"https:\/\/www.sudoestehoje.com.br\/novoportal\/wp-json\/wp\/v2\/posts\/64817\/revisions\/64819"}],"wp:attachment":[{"href":"https:\/\/www.sudoestehoje.com.br\/novoportal\/wp-json\/wp\/v2\/media?parent=64817"}],"wp:term":[{"taxonomy":"category","embeddable":true,"href":"https:\/\/www.sudoestehoje.com.br\/novoportal\/wp-json\/wp\/v2\/categories?post=64817"},{"taxonomy":"post_tag","embeddable":true,"href":"https:\/\/www.sudoestehoje.com.br\/novoportal\/wp-json\/wp\/v2\/tags?post=64817"}],"curies":[{"name":"wp","href":"https:\/\/api.w.org\/{rel}","templated":true}]}}