
{"id":64797,"date":"2017-04-13T00:03:03","date_gmt":"2017-04-13T03:03:03","guid":{"rendered":"http:\/\/www.sudoestehoje.com.br\/novoportal\/?p=64797"},"modified":"2017-04-13T00:26:18","modified_gmt":"2017-04-13T03:26:18","slug":"wagner-e-lula-sao-suspeitos-de-receber-propinas-para-beneficiar-odebrecht-com-mps","status":"publish","type":"post","link":"https:\/\/www.sudoestehoje.com.br\/novoportal\/2017\/04\/13\/wagner-e-lula-sao-suspeitos-de-receber-propinas-para-beneficiar-odebrecht-com-mps\/","title":{"rendered":"WAGNER E LULA S\u00c3O SUSPEITOS DE RECEBER PROPINAS PARA BENEFICIAR ODEBRECHT COM MPs"},"content":{"rendered":"<p><img loading=\"lazy\" decoding=\"async\" class=\"\" src=\"http:\/\/s2.glbimg.com\/-9AiY8jK6WhT3MnHHX52X6U6GeE=\/645x388\/i.glbimg.com\/og\/ig\/infoglobo1\/f\/original\/2015\/10\/09\/20151009-173631.jpg\" alt=\"Resultado de imagem para WAGNER E LULA\" width=\"500\" height=\"301\" \/><\/p>\n<p>O secret\u00e1rio de Desenvolvimento Econ\u00f4mico da Bahia, Jaques Wagner, e o ex-presidente Lula podem ser investigados no mesmo inqu\u00e9rito por suspeita de intervirem em favor da Odebrecht na Medida Provis\u00f3ria 703\/15.<\/p>\n<p>As informa\u00e7\u00f5es constam na peti\u00e7\u00e3o enviada pelo Minist\u00e9rio P\u00fablico Federal ao relator dos processos da Lava Jato no Supremo Tribunal Federal (STF), ministro Edson Fachin. Os autos, no entanto, foram enviados pelo ministro \u00e0 Justi\u00e7a Federal do Paran\u00e1, j\u00e1 que a dupla n\u00e3o possui mais foro privilegiado.<\/p>\n<p>De acordo com as dela\u00e7\u00f5es de Cl\u00e1udio Melo Filho e de Em\u00edlio Odebrecht, presidente da empreiteira e pai de Marcelo Odebrecht, Lula e Wagner empreenderam tratativas para a \u201cedi\u00e7\u00e3o de legisla\u00e7\u00e3o que possibilitasse a celebra\u00e7\u00e3o de acordo de leni\u00eancia entre o Poder Executivo e pessoas jur\u00eddicas envolvidas em infra\u00e7\u00f5es sem contar com a interven\u00e7\u00e3o do Minist\u00e9rio P\u00fablico\u201d.<\/p>\n<p>As negocia\u00e7\u00f5es resultaram na edi\u00e7\u00e3o da MP 703\/15. Wagner \u00e9 citado em outra peti\u00e7\u00e3o por supostamente ter recebido US$ 12 milh\u00f5es em vantagens indevidas (veja <a href=\"http:\/\/www.bahianoticias.com.br\/noticia\/205860-wagner-recebeu-us-12-milhoes-em-vantagens-indevidas-relatam-delatores-da-odebrecht.html\" target=\"_blank\">aqui<\/a>). Neste caso, os autos foram\u00a0remetidos \u00e0 Procuradoria da Rep\u00fablica na Bahia e tamb\u00e9m \u00e0 Justi\u00e7a Federal da Bahia. \/\/BN<\/p>\n<p>WAGNER RECLAMOU DE ATRASOS NOS &#8216;PAGAMENTOS&#8217;<\/p>\n<p>Em dela\u00e7\u00e3o, o ex-diretor\u00a0de Rela\u00e7\u00f5es Institucionais da Odebrecht, Claudio Melo Filho, disse que Jacques Wagner reclamou \u201cem algumas oportunidades\u201d da demora das contribui\u00e7\u00f5es da empreiteira.<\/p>\n<p>Apenas entre 2010 e 2011, o ex-governador da Bahia teria recebido 7,5 milh\u00f5es de reais da companhia. \/\/Veja<\/p>\n<p><img decoding=\"async\" src=\"http:\/\/www.sudoestehoje.com.br\/novoportal\/wp-content\/uploads\/2014\/12\/skala-novo.jpg\" alt=\"Resultado de imagem para skala modas itapetinga\" \/><\/p>\n","protected":false},"excerpt":{"rendered":"<p>O secret\u00e1rio de Desenvolvimento Econ\u00f4mico da Bahia, Jaques Wagner, e o ex-presidente Lula podem ser investigados no mesmo inqu\u00e9rito por suspeita de intervirem em favor da Odebrecht na Medida Provis\u00f3ria 703\/15. As informa\u00e7\u00f5es constam na peti\u00e7\u00e3o enviada pelo Minist\u00e9rio P\u00fablico Federal ao relator dos processos da Lava Jato no Supremo Tribunal Federal (STF), ministro Edson [&hellip;]<\/p>\n","protected":false},"author":2,"featured_media":64798,"comment_status":"open","ping_status":"open","sticky":false,"template":"","format":"standard","meta":{"footnotes":"","_links_to":"","_links_to_target":""},"categories":[1],"tags":[],"class_list":["post-64797","post","type-post","status-publish","format-standard","has-post-thumbnail","hentry","category-geral"],"views":1191,"_links":{"self":[{"href":"https:\/\/www.sudoestehoje.com.br\/novoportal\/wp-json\/wp\/v2\/posts\/64797","targetHints":{"allow":["GET"]}}],"collection":[{"href":"https:\/\/www.sudoestehoje.com.br\/novoportal\/wp-json\/wp\/v2\/posts"}],"about":[{"href":"https:\/\/www.sudoestehoje.com.br\/novoportal\/wp-json\/wp\/v2\/types\/post"}],"author":[{"embeddable":true,"href":"https:\/\/www.sudoestehoje.com.br\/novoportal\/wp-json\/wp\/v2\/users\/2"}],"replies":[{"embeddable":true,"href":"https:\/\/www.sudoestehoje.com.br\/novoportal\/wp-json\/wp\/v2\/comments?post=64797"}],"version-history":[{"count":4,"href":"https:\/\/www.sudoestehoje.com.br\/novoportal\/wp-json\/wp\/v2\/posts\/64797\/revisions"}],"predecessor-version":[{"id":64805,"href":"https:\/\/www.sudoestehoje.com.br\/novoportal\/wp-json\/wp\/v2\/posts\/64797\/revisions\/64805"}],"wp:featuredmedia":[{"embeddable":true,"href":"https:\/\/www.sudoestehoje.com.br\/novoportal\/wp-json\/wp\/v2\/media\/64798"}],"wp:attachment":[{"href":"https:\/\/www.sudoestehoje.com.br\/novoportal\/wp-json\/wp\/v2\/media?parent=64797"}],"wp:term":[{"taxonomy":"category","embeddable":true,"href":"https:\/\/www.sudoestehoje.com.br\/novoportal\/wp-json\/wp\/v2\/categories?post=64797"},{"taxonomy":"post_tag","embeddable":true,"href":"https:\/\/www.sudoestehoje.com.br\/novoportal\/wp-json\/wp\/v2\/tags?post=64797"}],"curies":[{"name":"wp","href":"https:\/\/api.w.org\/{rel}","templated":true}]}}