
{"id":64793,"date":"2017-04-11T22:19:19","date_gmt":"2017-04-12T01:19:19","guid":{"rendered":"http:\/\/www.sudoestehoje.com.br\/novoportal\/?p=64793"},"modified":"2017-04-13T00:12:52","modified_gmt":"2017-04-13T03:12:52","slug":"stf-abre-inqueritos-contra-12-politicos-da-bahia-citados-nas-delacoes-da-odebrecht","status":"publish","type":"post","link":"https:\/\/www.sudoestehoje.com.br\/novoportal\/2017\/04\/11\/stf-abre-inqueritos-contra-12-politicos-da-bahia-citados-nas-delacoes-da-odebrecht\/","title":{"rendered":"STF ABRE INQU\u00c9RITOS CONTRA 12 POL\u00cdTICOS DA BAHIA CITADOS NAS DELA\u00c7\u00d5ES DA ODEBRECHT"},"content":{"rendered":"<p><img loading=\"lazy\" decoding=\"async\" class=\"\" src=\"http:\/\/s2.glbimg.com\/ZVeVWfoRY7ulGfWHmZ2BnWtkrng=\/0x0:2800x1800\/1008x0\/smart\/filters:strip_icc()\/i.s3.glbimg.com\/v1\/AUTH_59edd422c0c84a879bd37670ae4f538a\/internal_photos\/bs\/2017\/p\/8\/wiSwueR42eH4ghgaEUbA\/senadores-ministros-e-governadoresa1.jpg\" alt=\"Resultado de imagem para POLITICOS BAIANOS NA LISTA DE FACHIN\" width=\"501\" height=\"322\" \/><\/p>\n<p>O ministro Edson Fachin levantou, nesta ter\u00e7a-feira (11), o sigilo das dela\u00e7\u00f5es premiadas dos executivos do Grupo Odebrecht, cujo conte\u00fado era mantido sob segredo de justi\u00e7a ap\u00f3s a presidente do Supremo Tribunal Federal (STF), Carmen L\u00facia, homologar os acordos no final de janeiro.<\/p>\n<p>Na listagem de pol\u00edticos com foro privilegiado aparecem 10 deputados federais e a senadora L\u00eddice da Mata (PSB).<\/p>\n<p>S\u00e3o citados na lista de Fachin, divulgada pelo Estad\u00e3o, os deputados: Jo\u00e3o Carlos Bacelar (PR-BA); Nelson Pelegrino (PT-BA); M\u00e1rio Negromonte Jr. (PP-BA); Daniel Almeida (PCdoB-BA); Cac\u00e1 Le\u00e3o (PP-BA); Jutahy J\u00fanior (PSDB-BA); Jos\u00e9 Carlos Aleluia (DEM-BA); Antonio Brito (PSD-BA); Arthur Oliveira Maia (PPS-BA); e L\u00facio Vieira Lima (PDMB-BA).<\/p>\n<p>Al\u00e9m dos parlamentares, que det\u00e9m foro privilegiado e tiveram o pedido de inqu\u00e9rito feito pela Procuradoria-Geral da Rep\u00fablica, aparece ainda o vereador de Salvador, Edvaldo Brito (PSD), candidato a senador em 2010 e supostamente beneficiado no esquema de doa\u00e7\u00f5es ilegais da empreiteira. BN<\/p>\n<p><img decoding=\"async\" src=\"http:\/\/www.sudoestehoje.com.br\/novoportal\/wp-content\/uploads\/2014\/11\/Logomarca-HB-Sementes-500x134.jpg\" alt=\"Resultado de imagem para HB RA\u00c7\u00d5ES ITAPETINGA\" \/><\/p>\n","protected":false},"excerpt":{"rendered":"<p>O ministro Edson Fachin levantou, nesta ter\u00e7a-feira (11), o sigilo das dela\u00e7\u00f5es premiadas dos executivos do Grupo Odebrecht, cujo conte\u00fado era mantido sob segredo de justi\u00e7a ap\u00f3s a presidente do Supremo Tribunal Federal (STF), Carmen L\u00facia, homologar os acordos no final de janeiro. Na listagem de pol\u00edticos com foro privilegiado aparecem 10 deputados federais e [&hellip;]<\/p>\n","protected":false},"author":2,"featured_media":0,"comment_status":"open","ping_status":"open","sticky":false,"template":"","format":"standard","meta":{"footnotes":"","_links_to":"","_links_to_target":""},"categories":[1],"tags":[],"class_list":["post-64793","post","type-post","status-publish","format-standard","hentry","category-geral"],"views":2191,"_links":{"self":[{"href":"https:\/\/www.sudoestehoje.com.br\/novoportal\/wp-json\/wp\/v2\/posts\/64793","targetHints":{"allow":["GET"]}}],"collection":[{"href":"https:\/\/www.sudoestehoje.com.br\/novoportal\/wp-json\/wp\/v2\/posts"}],"about":[{"href":"https:\/\/www.sudoestehoje.com.br\/novoportal\/wp-json\/wp\/v2\/types\/post"}],"author":[{"embeddable":true,"href":"https:\/\/www.sudoestehoje.com.br\/novoportal\/wp-json\/wp\/v2\/users\/2"}],"replies":[{"embeddable":true,"href":"https:\/\/www.sudoestehoje.com.br\/novoportal\/wp-json\/wp\/v2\/comments?post=64793"}],"version-history":[{"count":2,"href":"https:\/\/www.sudoestehoje.com.br\/novoportal\/wp-json\/wp\/v2\/posts\/64793\/revisions"}],"predecessor-version":[{"id":64803,"href":"https:\/\/www.sudoestehoje.com.br\/novoportal\/wp-json\/wp\/v2\/posts\/64793\/revisions\/64803"}],"wp:attachment":[{"href":"https:\/\/www.sudoestehoje.com.br\/novoportal\/wp-json\/wp\/v2\/media?parent=64793"}],"wp:term":[{"taxonomy":"category","embeddable":true,"href":"https:\/\/www.sudoestehoje.com.br\/novoportal\/wp-json\/wp\/v2\/categories?post=64793"},{"taxonomy":"post_tag","embeddable":true,"href":"https:\/\/www.sudoestehoje.com.br\/novoportal\/wp-json\/wp\/v2\/tags?post=64793"}],"curies":[{"name":"wp","href":"https:\/\/api.w.org\/{rel}","templated":true}]}}