
{"id":64787,"date":"2017-04-11T16:25:36","date_gmt":"2017-04-11T19:25:36","guid":{"rendered":"http:\/\/www.sudoestehoje.com.br\/novoportal\/?p=64787"},"modified":"2017-04-11T16:25:36","modified_gmt":"2017-04-11T19:25:36","slug":"salvador-suspeito-da-morte-de-torcedor-do-bahia-tem-prisao-preventiva-decretada","status":"publish","type":"post","link":"https:\/\/www.sudoestehoje.com.br\/novoportal\/2017\/04\/11\/salvador-suspeito-da-morte-de-torcedor-do-bahia-tem-prisao-preventiva-decretada\/","title":{"rendered":"SALVADOR: SUSPEITO DA MORTE DE TORCEDOR DO BAHIA TEM PRIS\u00c3O PREVENTIVA DECRETADA"},"content":{"rendered":"<p><img loading=\"lazy\" decoding=\"async\" class=\"\" src=\"http:\/\/fw.atarde.com.br\/2017\/04\/750_20174102107621_estudante-de-direito-suspeito-de-envolvimento-em-morte-de-torcedor-do-bahia-e-preso.jpg\" alt=\"Estudante de direito ser\u00e1 encaminhado para a Penitenci\u00e1ria de Mata Escura - Foto: Reprodu\u00e7\u00e3o l Facebook\" width=\"501\" height=\"319\" \/><\/p>\n<p>A Justi\u00e7a decretou nesta ter\u00e7a-feira, 11, a pris\u00e3o preventiva do estudante de direito\u00a0<a href=\"http:\/\/atarde.uol.com.br\/bahia\/salvador\/noticias\/1852710-preso-estudante-de-direito-suspeito-de-matar-torcedor-do-bahia\" target=\"_blank\">Pietro Henrique Carib\u00e9<\/a> Pereira, 25 anos, suspeito de participar da <a href=\"http:\/\/atarde.uol.com.br\/bahia\/salvador\/noticias\/1852567-torcedor-do-bahia-e-morto-apos-bavi-na-arena-fonte-nova\" target=\"_blank\">morte do torcedor Carlos Henrique de Deus<\/a>, 17 anos, em Salvador. A decis\u00e3o foi tomada nesta manh\u00e3, durante audi\u00eancia de cust\u00f3dia.<\/p>\n<p>A delegada Patr\u00edcia Brito, que cuida do caso, informou que o suspeito ser\u00e1 encaminhado para Penitenci\u00e1ria da Mata Escura, segundo assessoria de comunica\u00e7\u00e3o da Pol\u00edcia Civil.<\/p>\n<p>O crime ocorreu na noite de domingo, 9, por volta das 20h, na avenida Vasco da Gama, ap\u00f3s o <a href=\"http:\/\/atarde.uol.com.br\/esportes\/noticias\/1852534-vitoria-vence-classico-e-se-mantem-100-no-baianao\" target=\"_blank\">cl\u00e1ssico Ba-Vi<\/a>\u00a0na Arena Fonte Nova. Isa\u00edas Souza Santos, 28 anos, amigo do adolescente, tamb\u00e9m foi baleado. \u00a0Ele j\u00e1 teve alta e ajudou no reconhecimento de Pereira.<\/p>\n<p>Segundo a delegada da 3\u00aa \u00a0Delegacia de Homic\u00eddios, a morte foi motivada pela rivalidade entre as torcidas tricolor e rubro-negra, j\u00e1 que o estudante de direito\u00a0\u00e9 torcedor do Vit\u00f3ria. A delegada \u00a0ainda afirmou que o suspeito \u00e9 integrante da Torcida Uniformizada Os Imbat\u00edveis (TUI) e j\u00e1 tinha sido preso no dia 10 de fevereiro, por ter agredido outro torcedor do Bahia.<\/p>\n<p>Pereira foi preso na tarde da \u00faltima segunda, na casa da m\u00e3e, no Garcia.<\/p>\n","protected":false},"excerpt":{"rendered":"<p>A Justi\u00e7a decretou nesta ter\u00e7a-feira, 11, a pris\u00e3o preventiva do estudante de direito\u00a0Pietro Henrique Carib\u00e9 Pereira, 25 anos, suspeito de participar da morte do torcedor Carlos Henrique de Deus, 17 anos, em Salvador. A decis\u00e3o foi tomada nesta manh\u00e3, durante audi\u00eancia de cust\u00f3dia. A delegada Patr\u00edcia Brito, que cuida do caso, informou que o suspeito [&hellip;]<\/p>\n","protected":false},"author":2,"featured_media":0,"comment_status":"open","ping_status":"open","sticky":false,"template":"","format":"standard","meta":{"footnotes":"","_links_to":"","_links_to_target":""},"categories":[1],"tags":[],"class_list":["post-64787","post","type-post","status-publish","format-standard","hentry","category-geral"],"views":1670,"_links":{"self":[{"href":"https:\/\/www.sudoestehoje.com.br\/novoportal\/wp-json\/wp\/v2\/posts\/64787","targetHints":{"allow":["GET"]}}],"collection":[{"href":"https:\/\/www.sudoestehoje.com.br\/novoportal\/wp-json\/wp\/v2\/posts"}],"about":[{"href":"https:\/\/www.sudoestehoje.com.br\/novoportal\/wp-json\/wp\/v2\/types\/post"}],"author":[{"embeddable":true,"href":"https:\/\/www.sudoestehoje.com.br\/novoportal\/wp-json\/wp\/v2\/users\/2"}],"replies":[{"embeddable":true,"href":"https:\/\/www.sudoestehoje.com.br\/novoportal\/wp-json\/wp\/v2\/comments?post=64787"}],"version-history":[{"count":3,"href":"https:\/\/www.sudoestehoje.com.br\/novoportal\/wp-json\/wp\/v2\/posts\/64787\/revisions"}],"predecessor-version":[{"id":64790,"href":"https:\/\/www.sudoestehoje.com.br\/novoportal\/wp-json\/wp\/v2\/posts\/64787\/revisions\/64790"}],"wp:attachment":[{"href":"https:\/\/www.sudoestehoje.com.br\/novoportal\/wp-json\/wp\/v2\/media?parent=64787"}],"wp:term":[{"taxonomy":"category","embeddable":true,"href":"https:\/\/www.sudoestehoje.com.br\/novoportal\/wp-json\/wp\/v2\/categories?post=64787"},{"taxonomy":"post_tag","embeddable":true,"href":"https:\/\/www.sudoestehoje.com.br\/novoportal\/wp-json\/wp\/v2\/tags?post=64787"}],"curies":[{"name":"wp","href":"https:\/\/api.w.org\/{rel}","templated":true}]}}