
{"id":64784,"date":"2017-04-11T10:36:05","date_gmt":"2017-04-11T13:36:05","guid":{"rendered":"http:\/\/www.sudoestehoje.com.br\/novoportal\/?p=64784"},"modified":"2017-04-11T10:36:05","modified_gmt":"2017-04-11T13:36:05","slug":"matriculas-na-eja-do-colegio-jose-marcos-gusmao-cresceram-96-em-2017","status":"publish","type":"post","link":"https:\/\/www.sudoestehoje.com.br\/novoportal\/2017\/04\/11\/matriculas-na-eja-do-colegio-jose-marcos-gusmao-cresceram-96-em-2017\/","title":{"rendered":"MATR\u00cdCULAS NA EJA DO COL\u00c9GIO JOS\u00c9 MARCOS GUSM\u00c3O CRESCERAM 96% EM 2017"},"content":{"rendered":"<p><img loading=\"lazy\" decoding=\"async\" class=\"\" src=\"https:\/\/scontent-gru2-1.xx.fbcdn.net\/v\/t35.0-12\/17858571_1310485985707548_1241499698_o.jpg?oh=784162b4c758be48d4f5cb458caa564f&amp;oe=58EF594A\" width=\"501\" height=\"282\" \/><\/p>\n<p>A educa\u00e7\u00e3o municipal de Itapetinga est\u00e1 passando por profunda reestrutura\u00e7\u00e3o e reordenamento, visando \u00e0 amplia\u00e7\u00e3o das vagas nos v\u00e1rios n\u00edveis do ensino infantil e fundamental e, acima de tudo a melhoria da qualidade educacional.<\/p>\n<p>Novas vagas foram oferecidas na maioria das escolas, destacando-se a Escola Primeiros Passos, a Creche Edmeia Neves, a Escola Ot\u00e1vio Cam\u00f5es e a surpreendente amplia\u00e7\u00e3o das matr\u00edculas no turno noturno do Col\u00e9gio Jos\u00e9 Marcos Gusm\u00e3o (antigo Noralice Gusm\u00e3o) que saltou de 314 alunos em 2016 para 615 em mar\u00e7o de 2017, correspondendo a um aumento de 96% no quantitativo de alunos atendidos.<\/p>\n<p><img loading=\"lazy\" decoding=\"async\" class=\"\" src=\"https:\/\/scontent-gru2-1.xx.fbcdn.net\/v\/t35.0-12\/17901964_1310485962374217_1050907033_o.jpg?oh=4c03415d34799c0de2f8151779be9593&amp;oe=58F0085E\" width=\"501\" height=\"282\" \/><\/p>\n<p>A administra\u00e7\u00e3o do prefeito Rodrigo Hagge recebeu a Secretaria de Educa\u00e7\u00e3o com s\u00e9rios problemas de gest\u00e3o, estruturais e financeiros, mas tamb\u00e9m com \u00edndices de qualidade muito baixos que envergonham a nossa cidade que j\u00e1 ostentou um dos melhores \u00edndices de educa\u00e7\u00e3o do Estado.<\/p>\n<p>O nosso IDEB, principal \u00edndice que mede a qualidade da educa\u00e7\u00e3o nacional est\u00e1 em decl\u00ednio e abaixo da meta estipulada pelo MEC (veja gr\u00e1ficos) V\u00e1rias a\u00e7\u00f5es j\u00e1 est\u00e3o sendo planejadas e desenvolvidas pela equipe da Secretaria Municipal de Educa\u00e7\u00e3o com o apoio e incentivo do Prefeito Rodrigo Hagge, visando o resgate da qualidade e em consequ\u00eancia dos resultados da educa\u00e7\u00e3o municipal.<\/p>\n<p><img loading=\"lazy\" decoding=\"async\" class=\"\" src=\"https:\/\/scontent-gru2-1.xx.fbcdn.net\/v\/t35.0-12\/17902606_1310485952374218_1662243202_o.jpg?oh=43a2a9354cc985bf3f90321a36d7a849&amp;oe=58EF2C4B\" width=\"501\" height=\"282\" \/><\/p>\n<p>Nesse caminho, uma comitiva representando a educa\u00e7\u00e3o de Itapetinga, composta pelo prefeito municipal, secret\u00e1rio de educa\u00e7\u00e3o, equipe t\u00e9cnica da secretaria, tr\u00eas professores do Col\u00e9gio Jos\u00e9 Marcos e representante do Conselho Municipal de Educa\u00e7\u00e3o embarcou para Salvador com o objetivo de conhecer projetos educacionais exitosos em andamento nas escolas municipais da capital.<\/p>\n<p>O Col\u00e9gio Jos\u00e9 Marcos Gusm\u00e3o cujas matr\u00edculas j\u00e1 deram salto de 96% ser\u00e1 alvo de profundas mudan\u00e7as nas estruturas f\u00edsica e pedag\u00f3gica, transformando-se em breve em modelo de educa\u00e7\u00e3o para todo o Estado da Bahia. \/\/Ascom<\/p>\n","protected":false},"excerpt":{"rendered":"<p>A educa\u00e7\u00e3o municipal de Itapetinga est\u00e1 passando por profunda reestrutura\u00e7\u00e3o e reordenamento, visando \u00e0 amplia\u00e7\u00e3o das vagas nos v\u00e1rios n\u00edveis do ensino infantil e fundamental e, acima de tudo a melhoria da qualidade educacional. Novas vagas foram oferecidas na maioria das escolas, destacando-se a Escola Primeiros Passos, a Creche Edmeia Neves, a Escola Ot\u00e1vio Cam\u00f5es [&hellip;]<\/p>\n","protected":false},"author":2,"featured_media":0,"comment_status":"open","ping_status":"open","sticky":false,"template":"","format":"standard","meta":{"footnotes":"","_links_to":"","_links_to_target":""},"categories":[1],"tags":[],"class_list":["post-64784","post","type-post","status-publish","format-standard","hentry","category-geral"],"views":1454,"_links":{"self":[{"href":"https:\/\/www.sudoestehoje.com.br\/novoportal\/wp-json\/wp\/v2\/posts\/64784","targetHints":{"allow":["GET"]}}],"collection":[{"href":"https:\/\/www.sudoestehoje.com.br\/novoportal\/wp-json\/wp\/v2\/posts"}],"about":[{"href":"https:\/\/www.sudoestehoje.com.br\/novoportal\/wp-json\/wp\/v2\/types\/post"}],"author":[{"embeddable":true,"href":"https:\/\/www.sudoestehoje.com.br\/novoportal\/wp-json\/wp\/v2\/users\/2"}],"replies":[{"embeddable":true,"href":"https:\/\/www.sudoestehoje.com.br\/novoportal\/wp-json\/wp\/v2\/comments?post=64784"}],"version-history":[{"count":1,"href":"https:\/\/www.sudoestehoje.com.br\/novoportal\/wp-json\/wp\/v2\/posts\/64784\/revisions"}],"predecessor-version":[{"id":64786,"href":"https:\/\/www.sudoestehoje.com.br\/novoportal\/wp-json\/wp\/v2\/posts\/64784\/revisions\/64786"}],"wp:attachment":[{"href":"https:\/\/www.sudoestehoje.com.br\/novoportal\/wp-json\/wp\/v2\/media?parent=64784"}],"wp:term":[{"taxonomy":"category","embeddable":true,"href":"https:\/\/www.sudoestehoje.com.br\/novoportal\/wp-json\/wp\/v2\/categories?post=64784"},{"taxonomy":"post_tag","embeddable":true,"href":"https:\/\/www.sudoestehoje.com.br\/novoportal\/wp-json\/wp\/v2\/tags?post=64784"}],"curies":[{"name":"wp","href":"https:\/\/api.w.org\/{rel}","templated":true}]}}