
{"id":64777,"date":"2017-04-11T00:18:02","date_gmt":"2017-04-11T03:18:02","guid":{"rendered":"http:\/\/www.sudoestehoje.com.br\/novoportal\/?p=64777"},"modified":"2017-04-11T00:18:02","modified_gmt":"2017-04-11T03:18:02","slug":"itapetinga-amaral-junior-cotado-para-coordenacao-da-19a-ciretran","status":"publish","type":"post","link":"https:\/\/www.sudoestehoje.com.br\/novoportal\/2017\/04\/11\/itapetinga-amaral-junior-cotado-para-coordenacao-da-19a-ciretran\/","title":{"rendered":"ITAPETINGA: AMARAL JUNIOR COTADO PARA COORDENA\u00c7\u00c3O DA 19\u00aa CIRETRAN"},"content":{"rendered":"<div id=\"attachment_64779\" style=\"width: 510px\" class=\"wp-caption aligncenter\"><a href=\"http:\/\/www.sudoestehoje.com.br\/novoportal\/wp-content\/uploads\/2017\/04\/sibele-e-amaral-.jpg\"><img loading=\"lazy\" decoding=\"async\" aria-describedby=\"caption-attachment-64779\" class=\"size-medium wp-image-64779\" src=\"http:\/\/www.sudoestehoje.com.br\/novoportal\/wp-content\/uploads\/2017\/04\/sibele-e-amaral--500x281.jpg\" alt=\"SIBELE NERY DEVE DEIXAR O CARGO DE COORDENADORA DA 19\u00aa CIRETRAN E PASSAR A BOLA PARA O EX-VEREADOR AMARAL JUNIOR\" width=\"500\" height=\"281\" srcset=\"https:\/\/www.sudoestehoje.com.br\/novoportal\/wp-content\/uploads\/2017\/04\/sibele-e-amaral--500x281.jpg 500w, https:\/\/www.sudoestehoje.com.br\/novoportal\/wp-content\/uploads\/2017\/04\/sibele-e-amaral-.jpg 640w\" sizes=\"auto, (max-width: 500px) 100vw, 500px\" \/><\/a><p id=\"caption-attachment-64779\" class=\"wp-caption-text\"><strong>SIBELE NERY DEVE DEIXAR O CARGO DE COORDENADORA DA 19\u00aa CIRETRAN E PASSAR A BOLA PARA O EX-VEREADOR AMARAL JUNIOR<\/strong><\/p><\/div>\n<p>Depois do contundente fracasso eleitoral e da perda do seu programa na R\u00e1dio Fascina\u00e7\u00e3o, o ex-vereador Amaral Junior (PRP) ficou \u00e0 deriva, mas pode ser aproveitado para algum cargo na estrutura do governo estadual, segundo fontes ligadas ao grupo do ex-prefeito Z\u00e9 Carlos.<\/p>\n<p>De acordo com as informa\u00e7\u00f5es colhidas pelo Sudoeste Hoje, Amaral estaria de olho no cargo de coordenador da 19\u00aa Ciretran, hoje ocupado pela ex-secret\u00e1ria de educa\u00e7\u00e3o Sibele Nery (PT), mas que deve pedir exonera\u00e7\u00e3o a qualquer momento.<\/p>\n<p>Se a informa\u00e7\u00e3o se confirmar, Amaral ter\u00e1 que se afastar do seu emprego na Comutran, visto que a acumula\u00e7\u00e3o de cargos \u00e9 vedada por lei.<\/p>\n<p>Ser\u00e1 que emplaca?<\/p>\n<p><strong><em>Por Davi Ferraz\u00a0<\/em><\/strong><\/p>\n","protected":false},"excerpt":{"rendered":"<p>Depois do contundente fracasso eleitoral e da perda do seu programa na R\u00e1dio Fascina\u00e7\u00e3o, o ex-vereador Amaral Junior (PRP) ficou \u00e0 deriva, mas pode ser aproveitado para algum cargo na estrutura do governo estadual, segundo fontes ligadas ao grupo do ex-prefeito Z\u00e9 Carlos. De acordo com as informa\u00e7\u00f5es colhidas pelo Sudoeste Hoje, Amaral estaria de [&hellip;]<\/p>\n","protected":false},"author":2,"featured_media":0,"comment_status":"open","ping_status":"open","sticky":false,"template":"","format":"standard","meta":{"footnotes":"","_links_to":"","_links_to_target":""},"categories":[1],"tags":[],"class_list":["post-64777","post","type-post","status-publish","format-standard","hentry","category-geral"],"views":2692,"_links":{"self":[{"href":"https:\/\/www.sudoestehoje.com.br\/novoportal\/wp-json\/wp\/v2\/posts\/64777","targetHints":{"allow":["GET"]}}],"collection":[{"href":"https:\/\/www.sudoestehoje.com.br\/novoportal\/wp-json\/wp\/v2\/posts"}],"about":[{"href":"https:\/\/www.sudoestehoje.com.br\/novoportal\/wp-json\/wp\/v2\/types\/post"}],"author":[{"embeddable":true,"href":"https:\/\/www.sudoestehoje.com.br\/novoportal\/wp-json\/wp\/v2\/users\/2"}],"replies":[{"embeddable":true,"href":"https:\/\/www.sudoestehoje.com.br\/novoportal\/wp-json\/wp\/v2\/comments?post=64777"}],"version-history":[{"count":2,"href":"https:\/\/www.sudoestehoje.com.br\/novoportal\/wp-json\/wp\/v2\/posts\/64777\/revisions"}],"predecessor-version":[{"id":64780,"href":"https:\/\/www.sudoestehoje.com.br\/novoportal\/wp-json\/wp\/v2\/posts\/64777\/revisions\/64780"}],"wp:attachment":[{"href":"https:\/\/www.sudoestehoje.com.br\/novoportal\/wp-json\/wp\/v2\/media?parent=64777"}],"wp:term":[{"taxonomy":"category","embeddable":true,"href":"https:\/\/www.sudoestehoje.com.br\/novoportal\/wp-json\/wp\/v2\/categories?post=64777"},{"taxonomy":"post_tag","embeddable":true,"href":"https:\/\/www.sudoestehoje.com.br\/novoportal\/wp-json\/wp\/v2\/tags?post=64777"}],"curies":[{"name":"wp","href":"https:\/\/api.w.org\/{rel}","templated":true}]}}