
{"id":64769,"date":"2017-04-09T20:36:56","date_gmt":"2017-04-09T23:36:56","guid":{"rendered":"http:\/\/www.sudoestehoje.com.br\/novoportal\/?p=64769"},"modified":"2017-04-09T20:36:56","modified_gmt":"2017-04-09T23:36:56","slug":"salvador-concessionaria-honda-pega-fogo-no-bonoco-86-motos-foram-danificadas","status":"publish","type":"post","link":"https:\/\/www.sudoestehoje.com.br\/novoportal\/2017\/04\/09\/salvador-concessionaria-honda-pega-fogo-no-bonoco-86-motos-foram-danificadas\/","title":{"rendered":"SALVADOR: CONCESSION\u00c1RIA HONDA PEGA FOGO NO BONOC\u00d4; 86 MOTOS FORAM DANIFICADAS"},"content":{"rendered":"<p><img loading=\"lazy\" decoding=\"async\" class=\"\" src=\"http:\/\/fw.atarde.com.br\/2017\/04\/750_201749121829126_incendio-atinge-concessionaria-honda-na-avenida-bonoco.jpg\" alt=\"Cerca de 86 motos foram danificadas no inc\u00eandio - Foto: Divulga\u00e7\u00e3o | Corpo de Bombeiros\" width=\"501\" height=\"272\" \/><\/p>\n<p>A concession\u00e1ria Honda Novo Tempo, localizada na Avenida M\u00e1rio Leal (Bonoc\u00f4), pegou fogo na madrugada deste domingo, 9. A unidade est\u00e1 situada na avenida, sentido Shopping da Bahia.<\/p>\n<p>De acordo com o Corpo de Bombeiros o fogo come\u00e7ou por volta das 4h20, quando foi feito o chamado e enviadas quatro viaturas para o local. No momento do inc\u00eandio n\u00e3o havia funcion\u00e1rios no local.<\/p>\n<p>Foram danificadas no inc\u00eandio cerca de 86 motocicletas que estavam no interior da loja, al\u00e9m do pr\u00f3prio pr\u00e9dio da loja.<\/p>\n<p>Segundo agentes dos Bombeiros o gerente da loja, identificado como Gon\u00e7alo Jos\u00e9 de Mendon\u00e7a Almeida, esteve no local e foi orientado a fazer registro do sinistro na Delegacia Territorial da \u00e1rea e a solicitar a presen\u00e7a do Departamento de Pol\u00edcia T\u00e9cnica (DPT) para realiza\u00e7\u00e3o de per\u00edcia t\u00e9cnica, al\u00e9m de convocar t\u00e9cnicos da Defesa Civil (Codesal) para avaliar a estrutura do pr\u00e9dio.<\/p>\n<p>Ainda \u00a0n\u00e3o h\u00e1 informa\u00e7\u00f5es sobre as circunst\u00e2ncias do inc\u00eandio.<\/p>\n<p><img decoding=\"async\" src=\"http:\/\/www.sudoestehoje.com.br\/novoportal\/wp-content\/uploads\/2014\/11\/Logomarca-HB-Sementes-500x134.jpg\" alt=\"Resultado de imagem para HB RA\u00c7\u00d5ES ITAPETINGA\" \/><\/p>\n","protected":false},"excerpt":{"rendered":"<p>A concession\u00e1ria Honda Novo Tempo, localizada na Avenida M\u00e1rio Leal (Bonoc\u00f4), pegou fogo na madrugada deste domingo, 9. A unidade est\u00e1 situada na avenida, sentido Shopping da Bahia. De acordo com o Corpo de Bombeiros o fogo come\u00e7ou por volta das 4h20, quando foi feito o chamado e enviadas quatro viaturas para o local. No [&hellip;]<\/p>\n","protected":false},"author":2,"featured_media":0,"comment_status":"open","ping_status":"open","sticky":false,"template":"","format":"standard","meta":{"footnotes":"","_links_to":"","_links_to_target":""},"categories":[1],"tags":[],"class_list":["post-64769","post","type-post","status-publish","format-standard","hentry","category-geral"],"views":1534,"_links":{"self":[{"href":"https:\/\/www.sudoestehoje.com.br\/novoportal\/wp-json\/wp\/v2\/posts\/64769","targetHints":{"allow":["GET"]}}],"collection":[{"href":"https:\/\/www.sudoestehoje.com.br\/novoportal\/wp-json\/wp\/v2\/posts"}],"about":[{"href":"https:\/\/www.sudoestehoje.com.br\/novoportal\/wp-json\/wp\/v2\/types\/post"}],"author":[{"embeddable":true,"href":"https:\/\/www.sudoestehoje.com.br\/novoportal\/wp-json\/wp\/v2\/users\/2"}],"replies":[{"embeddable":true,"href":"https:\/\/www.sudoestehoje.com.br\/novoportal\/wp-json\/wp\/v2\/comments?post=64769"}],"version-history":[{"count":1,"href":"https:\/\/www.sudoestehoje.com.br\/novoportal\/wp-json\/wp\/v2\/posts\/64769\/revisions"}],"predecessor-version":[{"id":64770,"href":"https:\/\/www.sudoestehoje.com.br\/novoportal\/wp-json\/wp\/v2\/posts\/64769\/revisions\/64770"}],"wp:attachment":[{"href":"https:\/\/www.sudoestehoje.com.br\/novoportal\/wp-json\/wp\/v2\/media?parent=64769"}],"wp:term":[{"taxonomy":"category","embeddable":true,"href":"https:\/\/www.sudoestehoje.com.br\/novoportal\/wp-json\/wp\/v2\/categories?post=64769"},{"taxonomy":"post_tag","embeddable":true,"href":"https:\/\/www.sudoestehoje.com.br\/novoportal\/wp-json\/wp\/v2\/tags?post=64769"}],"curies":[{"name":"wp","href":"https:\/\/api.w.org\/{rel}","templated":true}]}}