
{"id":64737,"date":"2017-04-07T22:03:11","date_gmt":"2017-04-08T01:03:11","guid":{"rendered":"http:\/\/www.sudoestehoje.com.br\/novoportal\/?p=64737"},"modified":"2017-04-08T21:26:32","modified_gmt":"2017-04-09T00:26:32","slug":"itapetinga-oab-realiza-com-sucesso-o-1o-colegio-regional-de-presidentes","status":"publish","type":"post","link":"https:\/\/www.sudoestehoje.com.br\/novoportal\/2017\/04\/07\/itapetinga-oab-realiza-com-sucesso-o-1o-colegio-regional-de-presidentes\/","title":{"rendered":"ITAPETINGA: OAB REALIZA COM SUCESSO O 1\u00ba COL\u00c9GIO REGIONAL DE PRESIDENTES"},"content":{"rendered":"<p><img loading=\"lazy\" decoding=\"async\" class=\"\" src=\"https:\/\/scontent-gru2-1.xx.fbcdn.net\/v\/t1.0-9\/17796123_1301729603253948_4838654576060089004_n.jpg?oh=a353b9e24ad218d94f704f25f4620c15&amp;oe=59983039\" alt=\"A imagem pode conter: 10 pessoas, pessoas sorrindo, pessoas em p\u00e9 e \u00e1rea interna\" width=\"501\" height=\"282\" \/><\/p>\n<p>Nesta quinta-feira (6), foi realizado em Itapetinga o Col\u00e9gio Regional de Presidentes da OAB, que nasceu da necessidade de setorizar as discuss\u00f5es pertinentes \u00e0 advocacia, num estado de grade extens\u00e3o.<\/p>\n<p><img loading=\"lazy\" decoding=\"async\" class=\"\" src=\"https:\/\/scontent-gru2-1.xx.fbcdn.net\/v\/t1.0-9\/17799044_1301729609920614_7866830436248782274_n.jpg?oh=69223155692f181ab4a8791dab9ec598&amp;oe=595988B7\" alt=\"A imagem pode conter: 1 pessoa, sentado e \u00e1rea interna\" width=\"500\" height=\"265\" \/><\/p>\n<p>Ap\u00f3s outorgar o apoio incondicional \u00e0 Subse\u00e7\u00e3o de Itapetinga para a situa\u00e7\u00e3o ca\u00f3tica vivenciada nesta cidade e em Itamb\u00e9, a Seccional da OAB se fez presente para discutir os problema da regi\u00e3o sudoeste e, em especial, a extin\u00e7\u00e3o de comarcas e principalmente pela falta de ju\u00edzes titulares.\u00a0E a Subse\u00e7\u00e3o de Itapetinga foi protagonista neste no<span class=\"text_exposed_show\">vo modelo de trabalho.<\/span><\/p>\n<p><img loading=\"lazy\" decoding=\"async\" class=\"\" src=\"https:\/\/scontent-gru2-1.xx.fbcdn.net\/v\/t1.0-9\/17800364_1301730233253885_6514056845532231350_n.jpg?oh=c45a5f222a248e393391f171d4897251&amp;oe=595832C7\" alt=\"A imagem pode conter: 10 pessoas, pessoas em p\u00e9\" width=\"501\" height=\"263\" \/><\/p>\n<p><span class=\"text_exposed_show\">O ponto alto deste exitoso evento foi a manifesta\u00e7\u00e3o silenciosa, onde todos os advogados participaram caminhando do audit\u00f3rio da Coopardo at\u00e9 o F\u00f3rum local. Com camisas personalizadas, realizou-se ato em frente ao f\u00f3rum, demonstrando sua total indigna\u00e7\u00e3o com o Tribunal de Justi\u00e7a da Bahia.\u00a0<\/span><span class=\"text_exposed_show\">Itapetinga amarga dez meses sem um \u00fanico juiz titular, enquanto Itamb\u00e9 se aproxima dos dois anos.<\/span><\/p>\n<p><img loading=\"lazy\" decoding=\"async\" class=\"\" src=\"https:\/\/scontent-gru2-1.xx.fbcdn.net\/v\/t1.0-9\/17796156_1301731156587126_1830585469473207711_n.jpg?oh=f599a6e5dab277be62d972036f1408d8&amp;oe=599823DE\" alt=\"A imagem pode conter: 6 pessoas, pessoas sorrindo, pessoas em p\u00e9 e terno\" width=\"500\" height=\"331\" \/><\/p>\n<p><span class=\"text_exposed_show\">Participaram deste Col\u00e9gio: Diretoria da Seccional da OAB\/BA, Representante do Conselho Federal da OAB, Presidentes das Subse\u00e7\u00f5es de Brumado, Guanambi, Ibicara\u00ed, Itapetinga, Jequi\u00e9 e Vit\u00f3ria da Conquista. \/\/<strong><em>Ascom &#8211; Fotos: Gazinho<\/em><\/strong><\/span><\/p>\n<p><img loading=\"lazy\" decoding=\"async\" class=\"\" src=\"http:\/\/1.bp.blogspot.com\/-4gMAHRphA6k\/UvMG2q4I0VI\/AAAAAAAA5Fs\/XZTqZPydwPc\/s1600\/supermoda2.jpg\" alt=\"Resultado de imagem para supermoda itapetinga\" width=\"502\" height=\"127\" \/><\/p>\n","protected":false},"excerpt":{"rendered":"<p>Nesta quinta-feira (6), foi realizado em Itapetinga o Col\u00e9gio Regional de Presidentes da OAB, que nasceu da necessidade de setorizar as discuss\u00f5es pertinentes \u00e0 advocacia, num estado de grade extens\u00e3o. Ap\u00f3s outorgar o apoio incondicional \u00e0 Subse\u00e7\u00e3o de Itapetinga para a situa\u00e7\u00e3o ca\u00f3tica vivenciada nesta cidade e em Itamb\u00e9, a Seccional da OAB se fez [&hellip;]<\/p>\n","protected":false},"author":2,"featured_media":0,"comment_status":"open","ping_status":"open","sticky":false,"template":"","format":"standard","meta":{"footnotes":"","_links_to":"","_links_to_target":""},"categories":[1],"tags":[],"class_list":["post-64737","post","type-post","status-publish","format-standard","hentry","category-geral"],"views":1230,"_links":{"self":[{"href":"https:\/\/www.sudoestehoje.com.br\/novoportal\/wp-json\/wp\/v2\/posts\/64737","targetHints":{"allow":["GET"]}}],"collection":[{"href":"https:\/\/www.sudoestehoje.com.br\/novoportal\/wp-json\/wp\/v2\/posts"}],"about":[{"href":"https:\/\/www.sudoestehoje.com.br\/novoportal\/wp-json\/wp\/v2\/types\/post"}],"author":[{"embeddable":true,"href":"https:\/\/www.sudoestehoje.com.br\/novoportal\/wp-json\/wp\/v2\/users\/2"}],"replies":[{"embeddable":true,"href":"https:\/\/www.sudoestehoje.com.br\/novoportal\/wp-json\/wp\/v2\/comments?post=64737"}],"version-history":[{"count":3,"href":"https:\/\/www.sudoestehoje.com.br\/novoportal\/wp-json\/wp\/v2\/posts\/64737\/revisions"}],"predecessor-version":[{"id":64748,"href":"https:\/\/www.sudoestehoje.com.br\/novoportal\/wp-json\/wp\/v2\/posts\/64737\/revisions\/64748"}],"wp:attachment":[{"href":"https:\/\/www.sudoestehoje.com.br\/novoportal\/wp-json\/wp\/v2\/media?parent=64737"}],"wp:term":[{"taxonomy":"category","embeddable":true,"href":"https:\/\/www.sudoestehoje.com.br\/novoportal\/wp-json\/wp\/v2\/categories?post=64737"},{"taxonomy":"post_tag","embeddable":true,"href":"https:\/\/www.sudoestehoje.com.br\/novoportal\/wp-json\/wp\/v2\/tags?post=64737"}],"curies":[{"name":"wp","href":"https:\/\/api.w.org\/{rel}","templated":true}]}}