
{"id":64726,"date":"2017-04-07T00:41:41","date_gmt":"2017-04-07T03:41:41","guid":{"rendered":"http:\/\/www.sudoestehoje.com.br\/novoportal\/?p=64726"},"modified":"2017-04-08T22:01:57","modified_gmt":"2017-04-09T01:01:57","slug":"assembleia-legislativa-aprova-retorno-do-distrito-de-sao-jose-do-colonia-para-itambe","status":"publish","type":"post","link":"https:\/\/www.sudoestehoje.com.br\/novoportal\/2017\/04\/07\/assembleia-legislativa-aprova-retorno-do-distrito-de-sao-jose-do-colonia-para-itambe\/","title":{"rendered":"ASSEMBL\u00c9IA LEGISLATIVA APROVA RETORNO DO DISTRITO DE S\u00c3O JOS\u00c9 DO COL\u00d4NIA PARA ITAMB\u00c9"},"content":{"rendered":"<p class=\"yiv3956347152MsoNormal\"><img loading=\"lazy\" decoding=\"async\" class=\"\" src=\"https:\/\/scontent-gru2-1.xx.fbcdn.net\/v\/t1.0-9\/17796316_1342062782551786_7744865091021148887_n.jpg?oh=f4701b83017a73c75b47e123346e9f58&amp;oe=598CD288\" alt=\"A imagem pode conter: 7 pessoas, pessoas sentadas\" width=\"501\" height=\"376\" \/><\/p>\n<p id=\"yui_3_16_0_ym19_1_1491535005411_21539\" class=\"yiv3956347152MsoNormal\"><span id=\"yui_3_16_0_ym19_1_1491535005411_21538\">A Comiss\u00e3o Especial de Assuntos Territoriais e Emancipa\u00e7\u00e3o, da Assembleia Legislativa do Estado da Bahia (Alba), aprovou por unanimidade, em uma reuni\u00e3o realizada nesta quarta-feira (05), o Projeto que indica o retorno do distrito de S\u00e3o Jos\u00e9 do Col\u00f4nia para o territ\u00f3rio itambeense.<\/span><\/p>\n<p id=\"yui_3_16_0_ym19_1_1491535005411_21565\" class=\"yiv3956347152MsoNormal\"><span id=\"yui_3_16_0_ym19_1_1491535005411_21564\">A reuni\u00e3o contou com a participa\u00e7\u00e3o do prefeito municipal de Itamb\u00e9, Eduardo Gama, do presidente do Legislativo de Itamb\u00e9, Sinvaldo de Abreu (Cen\u00e7ula), autoridades de Caatiba, al\u00e9m dos representantes da Superintend\u00eancia de Estudos Econ\u00f4micos e Sociais da Bahia (SEI) e do Instituto Brasileiro de Geografia e Estat\u00edstica (IBGE).<\/span><\/p>\n<p class=\"yiv3956347152MsoNormal\"><img loading=\"lazy\" decoding=\"async\" class=\"\" src=\"https:\/\/scontent-gru2-1.xx.fbcdn.net\/v\/t1.0-9\/17796312_1342063002551764_7550824636178222773_n.jpg?oh=8f677f943ace3aeb8dfaeb8ff7ae9b0e&amp;oe=595FFFF1\" alt=\"A imagem pode conter: 3 pessoas, pessoas sorrindo, pessoas em p\u00e9 e terno\" width=\"500\" height=\"375\" \/><\/p>\n<p id=\"yui_3_16_0_ym19_1_1491535005411_23202\" class=\"yiv3956347152MsoNormal\"><span id=\"yui_3_16_0_ym19_1_1491535005411_23201\">O pedido do retorno de S\u00e3o Jos\u00e9 do Col\u00f4nia para os limites do territ\u00f3rio de Itamb\u00e9 partiu do prefeito Eduardo Gama no inicio da sua gest\u00e3o, em janeiro deste ano. A partir de ent\u00e3o, uma s\u00e9rie de medidas foram tomadas pelos \u00f3rg\u00e3os respons\u00e1veis para que fosse revista a situa\u00e7\u00e3o dos limites territoriais compreendidos entre os munic\u00edpios de Itamb\u00e9 e Caatiba.<\/span><\/p>\n<p class=\"yiv3956347152MsoNormal\">De acordo com o prefeito Eduardo Gama, ap\u00f3s o sucesso da vota\u00e7\u00e3o nesta quarta-feira, a decis\u00e3o segue agora para vota\u00e7\u00e3o no plen\u00e1rio, que dever\u00e1 ocorrer no pr\u00f3ximo dia 12 de abril. Com a sua aprova\u00e7\u00e3o, o projeto segue para ser sancionado pelo Governador do Estado.\u00a0<span id=\"yui_3_16_0_ym19_1_1491535005411_23231\">\/\/<\/span><span id=\"yui_3_16_0_ym19_1_1491535005411_23230\">Ascom<\/span><\/p>\n<p class=\"yiv3956347152MsoNormal\"><img loading=\"lazy\" decoding=\"async\" class=\"\" src=\"http:\/\/www.sudoestehoje.com.br\/novoportal\/wp-content\/uploads\/2015\/02\/CRISTO-PLANSERV.jpg\" alt=\"Resultado de imagem para hospital cristo redentor itapetinga\" width=\"502\" height=\"167\" \/><\/p>\n","protected":false},"excerpt":{"rendered":"<p>A Comiss\u00e3o Especial de Assuntos Territoriais e Emancipa\u00e7\u00e3o, da Assembleia Legislativa do Estado da Bahia (Alba), aprovou por unanimidade, em uma reuni\u00e3o realizada nesta quarta-feira (05), o Projeto que indica o retorno do distrito de S\u00e3o Jos\u00e9 do Col\u00f4nia para o territ\u00f3rio itambeense. A reuni\u00e3o contou com a participa\u00e7\u00e3o do prefeito municipal de Itamb\u00e9, Eduardo [&hellip;]<\/p>\n","protected":false},"author":2,"featured_media":0,"comment_status":"open","ping_status":"open","sticky":false,"template":"","format":"standard","meta":{"footnotes":"","_links_to":"","_links_to_target":""},"categories":[1],"tags":[],"class_list":["post-64726","post","type-post","status-publish","format-standard","hentry","category-geral"],"views":1035,"_links":{"self":[{"href":"https:\/\/www.sudoestehoje.com.br\/novoportal\/wp-json\/wp\/v2\/posts\/64726","targetHints":{"allow":["GET"]}}],"collection":[{"href":"https:\/\/www.sudoestehoje.com.br\/novoportal\/wp-json\/wp\/v2\/posts"}],"about":[{"href":"https:\/\/www.sudoestehoje.com.br\/novoportal\/wp-json\/wp\/v2\/types\/post"}],"author":[{"embeddable":true,"href":"https:\/\/www.sudoestehoje.com.br\/novoportal\/wp-json\/wp\/v2\/users\/2"}],"replies":[{"embeddable":true,"href":"https:\/\/www.sudoestehoje.com.br\/novoportal\/wp-json\/wp\/v2\/comments?post=64726"}],"version-history":[{"count":2,"href":"https:\/\/www.sudoestehoje.com.br\/novoportal\/wp-json\/wp\/v2\/posts\/64726\/revisions"}],"predecessor-version":[{"id":64760,"href":"https:\/\/www.sudoestehoje.com.br\/novoportal\/wp-json\/wp\/v2\/posts\/64726\/revisions\/64760"}],"wp:attachment":[{"href":"https:\/\/www.sudoestehoje.com.br\/novoportal\/wp-json\/wp\/v2\/media?parent=64726"}],"wp:term":[{"taxonomy":"category","embeddable":true,"href":"https:\/\/www.sudoestehoje.com.br\/novoportal\/wp-json\/wp\/v2\/categories?post=64726"},{"taxonomy":"post_tag","embeddable":true,"href":"https:\/\/www.sudoestehoje.com.br\/novoportal\/wp-json\/wp\/v2\/tags?post=64726"}],"curies":[{"name":"wp","href":"https:\/\/api.w.org\/{rel}","templated":true}]}}