
{"id":64715,"date":"2017-04-06T14:11:57","date_gmt":"2017-04-06T17:11:57","guid":{"rendered":"http:\/\/www.sudoestehoje.com.br\/novoportal\/?p=64715"},"modified":"2017-04-06T14:11:57","modified_gmt":"2017-04-06T17:11:57","slug":"justica-supremo-proibe-greves-para-todas-as-carreiras-policiais","status":"publish","type":"post","link":"https:\/\/www.sudoestehoje.com.br\/novoportal\/2017\/04\/06\/justica-supremo-proibe-greves-para-todas-as-carreiras-policiais\/","title":{"rendered":"JUSTI\u00c7A: SUPREMO PRO\u00cdBE GREVES PARA TODAS AS CARREIRAS POLICIAIS"},"content":{"rendered":"<div class=\"mc-column content-text active-extra-styles active-capital-letter\" data-block-type=\"unstyled\" data-block-weight=\"38\">\n<p class=\"content-text__container theme-color-primary-first-letter\" data-track-category=\"Link no Texto\" data-track-links=\"\"><img loading=\"lazy\" decoding=\"async\" class=\"\" src=\"http:\/\/www.diariodobrasil.org\/wp-content\/uploads\/2017\/01\/civisemgreve.jpg\" alt=\"Resultado de imagem para policia em greve\" width=\"501\" height=\"282\" \/><\/p>\n<p class=\"content-text__container theme-color-primary-first-letter\" data-track-category=\"Link no Texto\" data-track-links=\"\">Por 7 votos a 3, os ministros do Supremo Tribunal Federal (STF) declararam nesta quarta-feira (5) inconstitucional o direito de greve de servidores p\u00fablicos de \u00f3rg\u00e3os de seguran\u00e7a e decidiram proibir qualquer forma de paralisa\u00e7\u00e3o nas carreiras policiais.<\/p>\n<\/div>\n<div class=\"mc-column content-text active-extra-styles \" data-block-type=\"unstyled\" data-block-weight=\"45\">\n<p class=\"content-text__container \" data-track-category=\"Link no Texto\" data-track-links=\"\">Embora tenha proibido as greves nas pol\u00edcias, a Suprema Corte tamb\u00e9m decidiu, por maioria, que o poder p\u00fablico ter\u00e1, a partir de agora, a obriga\u00e7\u00e3o de participar de media\u00e7\u00f5es criadas por entidades que representam servidores das carreiras de seguran\u00e7a p\u00fablica para negociar interesses da categoria.<\/p>\n<\/div>\n<div class=\"mc-column content-text active-extra-styles \" data-block-type=\"unstyled\" data-block-weight=\"20\">\n<p class=\"content-text__container \" data-track-category=\"Link no Texto\" data-track-links=\"\">A decis\u00e3o do STF ter\u00e1 a chamada repercuss\u00e3o geral, ou seja, dever\u00e1 ser seguida por todas as inst\u00e2ncias da Justi\u00e7a.<\/p>\n<p class=\"content-text__container \" data-track-category=\"Link no Texto\" data-track-links=\"\">\n<\/div>\n<div class=\"mc-column content-text active-extra-styles\" data-block-type=\"raw\" data-block-weight=\"24\"><\/div>\n","protected":false},"excerpt":{"rendered":"<p>Por 7 votos a 3, os ministros do Supremo Tribunal Federal (STF) declararam nesta quarta-feira (5) inconstitucional o direito de greve de servidores p\u00fablicos de \u00f3rg\u00e3os de seguran\u00e7a e decidiram proibir qualquer forma de paralisa\u00e7\u00e3o nas carreiras policiais. Embora tenha proibido as greves nas pol\u00edcias, a Suprema Corte tamb\u00e9m decidiu, por maioria, que o poder [&hellip;]<\/p>\n","protected":false},"author":2,"featured_media":0,"comment_status":"open","ping_status":"open","sticky":false,"template":"","format":"standard","meta":{"footnotes":"","_links_to":"","_links_to_target":""},"categories":[1],"tags":[],"class_list":["post-64715","post","type-post","status-publish","format-standard","hentry","category-geral"],"views":1147,"_links":{"self":[{"href":"https:\/\/www.sudoestehoje.com.br\/novoportal\/wp-json\/wp\/v2\/posts\/64715","targetHints":{"allow":["GET"]}}],"collection":[{"href":"https:\/\/www.sudoestehoje.com.br\/novoportal\/wp-json\/wp\/v2\/posts"}],"about":[{"href":"https:\/\/www.sudoestehoje.com.br\/novoportal\/wp-json\/wp\/v2\/types\/post"}],"author":[{"embeddable":true,"href":"https:\/\/www.sudoestehoje.com.br\/novoportal\/wp-json\/wp\/v2\/users\/2"}],"replies":[{"embeddable":true,"href":"https:\/\/www.sudoestehoje.com.br\/novoportal\/wp-json\/wp\/v2\/comments?post=64715"}],"version-history":[{"count":1,"href":"https:\/\/www.sudoestehoje.com.br\/novoportal\/wp-json\/wp\/v2\/posts\/64715\/revisions"}],"predecessor-version":[{"id":64716,"href":"https:\/\/www.sudoestehoje.com.br\/novoportal\/wp-json\/wp\/v2\/posts\/64715\/revisions\/64716"}],"wp:attachment":[{"href":"https:\/\/www.sudoestehoje.com.br\/novoportal\/wp-json\/wp\/v2\/media?parent=64715"}],"wp:term":[{"taxonomy":"category","embeddable":true,"href":"https:\/\/www.sudoestehoje.com.br\/novoportal\/wp-json\/wp\/v2\/categories?post=64715"},{"taxonomy":"post_tag","embeddable":true,"href":"https:\/\/www.sudoestehoje.com.br\/novoportal\/wp-json\/wp\/v2\/tags?post=64715"}],"curies":[{"name":"wp","href":"https:\/\/api.w.org\/{rel}","templated":true}]}}