
{"id":64713,"date":"2017-04-06T13:33:20","date_gmt":"2017-04-06T16:33:20","guid":{"rendered":"http:\/\/www.sudoestehoje.com.br\/novoportal\/?p=64713"},"modified":"2017-04-06T13:33:20","modified_gmt":"2017-04-06T16:33:20","slug":"prefeito-e-vice-de-pocoes-tem-mandatos-cassados-pela-justica-eleitoral","status":"publish","type":"post","link":"https:\/\/www.sudoestehoje.com.br\/novoportal\/2017\/04\/06\/prefeito-e-vice-de-pocoes-tem-mandatos-cassados-pela-justica-eleitoral\/","title":{"rendered":"PREFEITO E VICE DE PO\u00c7\u00d5ES T\u00caM MANDATOS CASSADOS PELA JUSTI\u00c7A ELEITORAL"},"content":{"rendered":"<p><img loading=\"lazy\" decoding=\"async\" class=\"\" src=\"http:\/\/img.blogdoanderson.com\/2017\/04\/DSC_1523.jpg\" width=\"500\" height=\"334\" \/><\/p>\n<p>Atendendo ao pedido do Minist\u00e9rio P\u00fablico Eleitoral da 59\u00ba Zona Eleitoral, a Justi\u00e7a Eleitoral julga <em>\u201cparcialmente procedente o pedido para, nos termos do artigo 30-A, \u00a7 2\u00ba, da Lei 9.504\/97, cassar os mandatos de Prefeito e Vice-Prefeito de LEANDRO ARA\u00daJO MASCARENHAS e JORGE LUIZ SANTOS, respectivamente\u201d.<\/em><\/p>\n<p><a href=\"http:\/\/img.blogdoanderson.com\/2017\/04\/Tribunal-Regional-Eleitoral-da-Bahia-2.pdf\" target=\"_blank\">A decis\u00e3o foi divulgada na manh\u00e3 desta quinta-feira (6)<\/a>. A a\u00e7\u00e3o levada ao MPE pelo ex-prefeito Otto Wagner Magalh\u00e3es (PCdoB) denuncia irregularidades nas Elei\u00e7\u00f5es 2016, quando ele foi derrotado por L\u00e9o Mascarenhas, do PTB, por uma diferen\u00e7a de 418 dos 23.892 votos v\u00e1lidos.<\/p>\n<p>Tanto L\u00e9o quanto Jorge Luiz permanecer\u00e3o no cargo at\u00e9 o julgamento no Tribunal Regional Eleitoral, em Salvador. <a href=\"http:\/\/www.blogdoanderson.com\/?p=317466&amp;preview=true\" target=\"_blank\">Confira a publica\u00e7\u00e3o<\/a>.\/\/ Blog do Anderson<\/p>\n","protected":false},"excerpt":{"rendered":"<p>Atendendo ao pedido do Minist\u00e9rio P\u00fablico Eleitoral da 59\u00ba Zona Eleitoral, a Justi\u00e7a Eleitoral julga \u201cparcialmente procedente o pedido para, nos termos do artigo 30-A, \u00a7 2\u00ba, da Lei 9.504\/97, cassar os mandatos de Prefeito e Vice-Prefeito de LEANDRO ARA\u00daJO MASCARENHAS e JORGE LUIZ SANTOS, respectivamente\u201d. A decis\u00e3o foi divulgada na manh\u00e3 desta quinta-feira (6). [&hellip;]<\/p>\n","protected":false},"author":2,"featured_media":0,"comment_status":"open","ping_status":"open","sticky":false,"template":"","format":"standard","meta":{"footnotes":"","_links_to":"","_links_to_target":""},"categories":[1],"tags":[],"class_list":["post-64713","post","type-post","status-publish","format-standard","hentry","category-geral"],"views":1741,"_links":{"self":[{"href":"https:\/\/www.sudoestehoje.com.br\/novoportal\/wp-json\/wp\/v2\/posts\/64713","targetHints":{"allow":["GET"]}}],"collection":[{"href":"https:\/\/www.sudoestehoje.com.br\/novoportal\/wp-json\/wp\/v2\/posts"}],"about":[{"href":"https:\/\/www.sudoestehoje.com.br\/novoportal\/wp-json\/wp\/v2\/types\/post"}],"author":[{"embeddable":true,"href":"https:\/\/www.sudoestehoje.com.br\/novoportal\/wp-json\/wp\/v2\/users\/2"}],"replies":[{"embeddable":true,"href":"https:\/\/www.sudoestehoje.com.br\/novoportal\/wp-json\/wp\/v2\/comments?post=64713"}],"version-history":[{"count":1,"href":"https:\/\/www.sudoestehoje.com.br\/novoportal\/wp-json\/wp\/v2\/posts\/64713\/revisions"}],"predecessor-version":[{"id":64714,"href":"https:\/\/www.sudoestehoje.com.br\/novoportal\/wp-json\/wp\/v2\/posts\/64713\/revisions\/64714"}],"wp:attachment":[{"href":"https:\/\/www.sudoestehoje.com.br\/novoportal\/wp-json\/wp\/v2\/media?parent=64713"}],"wp:term":[{"taxonomy":"category","embeddable":true,"href":"https:\/\/www.sudoestehoje.com.br\/novoportal\/wp-json\/wp\/v2\/categories?post=64713"},{"taxonomy":"post_tag","embeddable":true,"href":"https:\/\/www.sudoestehoje.com.br\/novoportal\/wp-json\/wp\/v2\/tags?post=64713"}],"curies":[{"name":"wp","href":"https:\/\/api.w.org\/{rel}","templated":true}]}}