
{"id":64689,"date":"2017-04-04T00:02:15","date_gmt":"2017-04-04T03:02:15","guid":{"rendered":"http:\/\/www.sudoestehoje.com.br\/novoportal\/?p=64689"},"modified":"2017-04-04T00:02:15","modified_gmt":"2017-04-04T03:02:15","slug":"itapetinga-sediara-o-1o-colegio-regional-de-presidentes-de-subsecoes-da-oab","status":"publish","type":"post","link":"https:\/\/www.sudoestehoje.com.br\/novoportal\/2017\/04\/04\/itapetinga-sediara-o-1o-colegio-regional-de-presidentes-de-subsecoes-da-oab\/","title":{"rendered":"ITAPETINGA SEDIAR\u00c1 O 1\u00ba COL\u00c9GIO REGIONAL DE PRESIDENTES DE SUBSE\u00c7\u00d5ES DA OAB"},"content":{"rendered":"<p><a href=\"http:\/\/www.sudoestehoje.com.br\/novoportal\/wp-content\/uploads\/2017\/04\/OAB.jpg\"><img loading=\"lazy\" decoding=\"async\" class=\"aligncenter size-medium wp-image-64690\" src=\"http:\/\/www.sudoestehoje.com.br\/novoportal\/wp-content\/uploads\/2017\/04\/OAB-500x250.jpg\" alt=\"OAB\" width=\"500\" height=\"250\" srcset=\"https:\/\/www.sudoestehoje.com.br\/novoportal\/wp-content\/uploads\/2017\/04\/OAB-500x250.jpg 500w, https:\/\/www.sudoestehoje.com.br\/novoportal\/wp-content\/uploads\/2017\/04\/OAB-700x350.jpg 700w, https:\/\/www.sudoestehoje.com.br\/novoportal\/wp-content\/uploads\/2017\/04\/OAB.jpg 765w\" sizes=\"auto, (max-width: 500px) 100vw, 500px\" \/><\/a><\/p>\n<p>Itapetinga sediar\u00e1 pela primeira vez um colegiado regional da OAB Bahia nesta quinta-feira (6). Predidentes das Subse\u00e7\u00f5es de Brumado, Vit\u00f3ria da Conquista, Guanambi, Jequi\u00e9 e Ibicara\u00ed v\u00e3o se reunir em Itapetinga para discutir os problemas da regi\u00e3o e principalmente a falta de ju\u00edzes no judici\u00e1rio local e na Comarca de Itamb\u00e9.<\/p>\n<p>O I Col\u00e9gio Regional de Presidentes das Subse\u00e7\u00f5es em Itapetinga acontecer\u00e1 no audit\u00f3rio da Coopardo, a partir das 10h30 com a presen\u00e7a do Presidente da OAB Bahia, Luiz Viana Queiroz, do Conselheiro Federal Fabr\u00edcio Castro e do Conselheiro Estadual Acioli Viana. Por volta das 17 horas, os participantes sair\u00e3o em manifesta\u00e7\u00e3o pelas ruas da cidade em dire\u00e7\u00e3o \u00e0 frente do F\u00f3rum local.<\/p>\n<p>A remo\u00e7\u00e3o de todos os ju\u00edzes titulares da Justi\u00e7a Comum de Itapetinga em julho do ano passado causou s\u00e9rios preju\u00edzos \u00e0 classe advocat\u00edcia e gerou muitos transtornos \u00e0 popula\u00e7\u00e3o. S\u00e3o cerca de 40 mil processos praticamente parados em Itapetinga.<\/p>\n<p>O assunto tem sido noticiado amplamente desde que o presidente da OAB de Itapetinga, Fabr\u00edcio Moreira, denunciou a situa\u00e7\u00e3o atrav\u00e9s de manifesto e iniciou uma verdadeira cruzada cobrando provid\u00eancias aos \u00f3rg\u00e3os competentes no Munic\u00edpio e no Estado.<\/p>\n<p>Nesse sentido, a OAB\/BA prop\u00f4s a realiza\u00e7\u00e3o desse evento para apoiar a luta da Subse\u00e7\u00e3o de Itapetinga na busca por um judici\u00e1rio forte e atuante na regi\u00e3o. \/\/ Ascom OAB<\/p>\n","protected":false},"excerpt":{"rendered":"<p>Itapetinga sediar\u00e1 pela primeira vez um colegiado regional da OAB Bahia nesta quinta-feira (6). Predidentes das Subse\u00e7\u00f5es de Brumado, Vit\u00f3ria da Conquista, Guanambi, Jequi\u00e9 e Ibicara\u00ed v\u00e3o se reunir em Itapetinga para discutir os problemas da regi\u00e3o e principalmente a falta de ju\u00edzes no judici\u00e1rio local e na Comarca de Itamb\u00e9. O I Col\u00e9gio Regional [&hellip;]<\/p>\n","protected":false},"author":2,"featured_media":64690,"comment_status":"open","ping_status":"open","sticky":false,"template":"","format":"standard","meta":{"footnotes":"","_links_to":"","_links_to_target":""},"categories":[1],"tags":[],"class_list":["post-64689","post","type-post","status-publish","format-standard","has-post-thumbnail","hentry","category-geral"],"views":1032,"_links":{"self":[{"href":"https:\/\/www.sudoestehoje.com.br\/novoportal\/wp-json\/wp\/v2\/posts\/64689","targetHints":{"allow":["GET"]}}],"collection":[{"href":"https:\/\/www.sudoestehoje.com.br\/novoportal\/wp-json\/wp\/v2\/posts"}],"about":[{"href":"https:\/\/www.sudoestehoje.com.br\/novoportal\/wp-json\/wp\/v2\/types\/post"}],"author":[{"embeddable":true,"href":"https:\/\/www.sudoestehoje.com.br\/novoportal\/wp-json\/wp\/v2\/users\/2"}],"replies":[{"embeddable":true,"href":"https:\/\/www.sudoestehoje.com.br\/novoportal\/wp-json\/wp\/v2\/comments?post=64689"}],"version-history":[{"count":3,"href":"https:\/\/www.sudoestehoje.com.br\/novoportal\/wp-json\/wp\/v2\/posts\/64689\/revisions"}],"predecessor-version":[{"id":64693,"href":"https:\/\/www.sudoestehoje.com.br\/novoportal\/wp-json\/wp\/v2\/posts\/64689\/revisions\/64693"}],"wp:featuredmedia":[{"embeddable":true,"href":"https:\/\/www.sudoestehoje.com.br\/novoportal\/wp-json\/wp\/v2\/media\/64690"}],"wp:attachment":[{"href":"https:\/\/www.sudoestehoje.com.br\/novoportal\/wp-json\/wp\/v2\/media?parent=64689"}],"wp:term":[{"taxonomy":"category","embeddable":true,"href":"https:\/\/www.sudoestehoje.com.br\/novoportal\/wp-json\/wp\/v2\/categories?post=64689"},{"taxonomy":"post_tag","embeddable":true,"href":"https:\/\/www.sudoestehoje.com.br\/novoportal\/wp-json\/wp\/v2\/tags?post=64689"}],"curies":[{"name":"wp","href":"https:\/\/api.w.org\/{rel}","templated":true}]}}