
{"id":6468,"date":"2011-07-07T00:03:21","date_gmt":"2011-07-07T03:03:21","guid":{"rendered":"http:\/\/www.sudoestehoje.com.br\/novoportal\/?p=6468"},"modified":"2011-07-07T00:03:21","modified_gmt":"2011-07-07T03:03:21","slug":"joao-sem-braco-besta","status":"publish","type":"post","link":"https:\/\/www.sudoestehoje.com.br\/novoportal\/2011\/07\/07\/joao-sem-braco-besta\/","title":{"rendered":"&#8216;JO\u00c3O SEM BRA\u00c7O&#8217; BESTA"},"content":{"rendered":"<p style=\"text-align: center;\"><a id=\"apf2\" href=\"http:\/\/www.google.com.br\/imgres?imgurl=http:\/\/horaderelaxar.com.br\/wp-content\/gallery\/pequeno-dicionario-ilustrado-de-expressoes-idiomaticas\/39-joao-sem-braco.jpg&amp;imgrefurl=http:\/\/horaderelaxar.com.br\/2008\/10\/22\/pequeno-dicionario-ilustrado-de-expressoes-idiomaticas\/&amp;usg=__XvGcGfzbBfPSJQmJYLakGBusz_M=&amp;h=565&amp;w=718&amp;sz=21&amp;hl=pt-BR&amp;start=3&amp;zoom=1&amp;itbs=1&amp;tbnid=DMJMA4M59lg0oM:&amp;tbnh=110&amp;tbnw=140&amp;prev=\/search%3Fq%3Djo%25C3%25A3o%2Bsem%2Bbra%25C3%25A7o%26hl%3Dpt-BR%26sa%3DG%26biw%3D1259%26bih%3D646%26gbv%3D2%26tbm%3Disch&amp;ei=biEVTsvaOIjWgQfFzK0U\"><img loading=\"lazy\" decoding=\"async\" id=\"ipfDMJMA4M59lg0oM:\" class=\"aligncenter\" src=\"http:\/\/t0.gstatic.com\/images?q=tbn:ANd9GcQfG9gi5aVinEn5GnrjNWa5e2RUAS1uYPOAOdykt11UMYh582PFOn0DKphL\" alt=\"\" width=\"140\" height=\"110\" \/><\/a><\/p>\n<p>Tentando desviar o foco e minimizar o desgaste que vem sofrendo o prefeito Z\u00e9 Carlos, ap\u00f3s a aprova\u00e7\u00e3o do aumento de 21% nas contas de \u00e1gua, o locutor e &#8216;Ouvidor&#8217; nas horas vagas, Amaral Jr., tentou atribuir aos vereadores lagartixas do prefeito, a culpa pelo absurdo aumento. Por telefone, o vereador Alfredo Cabral\u00a0desmascarou\u00a0o jogo de &#8220;Jo\u00e3o sem bra\u00e7o&#8217; do vitamina C, esclarecendo para\u00a0os ouvintes da R\u00e1dio Laranjal que o aumento foi da iniciativa do prefeito e que os vereadores s\u00f3 &#8220;obedeceram&#8221; as ordens do chefe. O maior idiota \u00e9 sempre aquele que subestima a intelig\u00eancia alheia..Toma jeito, rapaz!<\/p>\n","protected":false},"excerpt":{"rendered":"<p>Tentando desviar o foco e minimizar o desgaste que vem sofrendo o prefeito Z\u00e9 Carlos, ap\u00f3s a aprova\u00e7\u00e3o do aumento de 21% nas contas de \u00e1gua, o locutor e &#8216;Ouvidor&#8217; nas horas vagas, Amaral Jr., tentou atribuir aos vereadores lagartixas do prefeito, a culpa pelo absurdo aumento. Por telefone, o vereador Alfredo Cabral\u00a0desmascarou\u00a0o jogo de [&hellip;]<\/p>\n","protected":false},"author":2,"featured_media":0,"comment_status":"open","ping_status":"open","sticky":false,"template":"","format":"standard","meta":{"footnotes":"","_links_to":"","_links_to_target":""},"categories":[11],"tags":[],"class_list":["post-6468","post","type-post","status-publish","format-standard","hentry","category-quentinhas"],"views":1061,"_links":{"self":[{"href":"https:\/\/www.sudoestehoje.com.br\/novoportal\/wp-json\/wp\/v2\/posts\/6468","targetHints":{"allow":["GET"]}}],"collection":[{"href":"https:\/\/www.sudoestehoje.com.br\/novoportal\/wp-json\/wp\/v2\/posts"}],"about":[{"href":"https:\/\/www.sudoestehoje.com.br\/novoportal\/wp-json\/wp\/v2\/types\/post"}],"author":[{"embeddable":true,"href":"https:\/\/www.sudoestehoje.com.br\/novoportal\/wp-json\/wp\/v2\/users\/2"}],"replies":[{"embeddable":true,"href":"https:\/\/www.sudoestehoje.com.br\/novoportal\/wp-json\/wp\/v2\/comments?post=6468"}],"version-history":[{"count":2,"href":"https:\/\/www.sudoestehoje.com.br\/novoportal\/wp-json\/wp\/v2\/posts\/6468\/revisions"}],"predecessor-version":[{"id":6470,"href":"https:\/\/www.sudoestehoje.com.br\/novoportal\/wp-json\/wp\/v2\/posts\/6468\/revisions\/6470"}],"wp:attachment":[{"href":"https:\/\/www.sudoestehoje.com.br\/novoportal\/wp-json\/wp\/v2\/media?parent=6468"}],"wp:term":[{"taxonomy":"category","embeddable":true,"href":"https:\/\/www.sudoestehoje.com.br\/novoportal\/wp-json\/wp\/v2\/categories?post=6468"},{"taxonomy":"post_tag","embeddable":true,"href":"https:\/\/www.sudoestehoje.com.br\/novoportal\/wp-json\/wp\/v2\/tags?post=6468"}],"curies":[{"name":"wp","href":"https:\/\/api.w.org\/{rel}","templated":true}]}}