
{"id":64670,"date":"2017-04-03T09:15:18","date_gmt":"2017-04-03T12:15:18","guid":{"rendered":"http:\/\/www.sudoestehoje.com.br\/novoportal\/?p=64670"},"modified":"2017-04-03T09:15:18","modified_gmt":"2017-04-03T12:15:18","slug":"itapetinga-bairro-recanto-da-colina-esta-intransitavel-uma-buraqueira-so","status":"publish","type":"post","link":"https:\/\/www.sudoestehoje.com.br\/novoportal\/2017\/04\/03\/itapetinga-bairro-recanto-da-colina-esta-intransitavel-uma-buraqueira-so\/","title":{"rendered":"ITAPETINGA: BAIRRO RECANTO DA COLINA EST\u00c1 INTRANSIT\u00c1VEL, UMA BURAQUEIRA S\u00d3"},"content":{"rendered":"<p><img loading=\"lazy\" decoding=\"async\" class=\"\" src=\"https:\/\/scontent-gru2-1.xx.fbcdn.net\/v\/t1.0-9\/17634430_1337460106345387_9060366002630760702_n.jpg?oh=98ddd363226e91f219602e39b053c5e7&amp;oe=595750C5\" alt=\"A imagem pode conter: atividades ao ar livre\" width=\"500\" height=\"300\" \/><\/p>\n<p>Esquecido por quase todas as administra\u00e7\u00f5es municipais, o bairro Recanto da Colina, que um dia j\u00e1 foi &#8220;chique&#8221;, vive hoje um dos seus piores momentos, dada \u00e0 total falta de infraestrutura.\u00a0Quando foi lan\u00e7ado, no final dos anos 70, o Recanto da Colina contava com ruas asfaltadas, meio fio, dede de \u00e1gua e eletricidade, mas n\u00e3o contou com rede de esgotos sanit\u00e1rios e pluviais.<\/p>\n<p><img loading=\"lazy\" decoding=\"async\" class=\"\" src=\"https:\/\/scontent-gru2-1.xx.fbcdn.net\/v\/t1.0-9\/984008_1337459916345406_1897785112509078981_n.jpg?oh=7d6fd6cca6e2ed94bb100b1ecab0f4cd&amp;oe=5952E346\" alt=\"A imagem pode conter: planta, atividades ao ar livre, natureza e \u00e1gua\" width=\"500\" height=\"300\" \/><\/p>\n<p>Com o decorrer de quase 4 d\u00e9cadas, o fino asfalto desapareceu, as pra\u00e7as viraram matagais, as ruas se transformaram em estradas de ro\u00e7a e a rede de esgotos n\u00e3o foi constru\u00edda, uma ironia para um bairro onde residem 3 ex-vices prefeito (Z\u00e9 Elias, Z\u00e9 Carlos e Edilson Lima), al\u00e9m de um prefeito de dois mandatos (Z\u00e9 Carlos), que deixou o bairro acabar e acabou abandonando a sua mans\u00e3,o para morar em um AP bacana no Morumbi.<\/p>\n<p><img loading=\"lazy\" decoding=\"async\" class=\"\" src=\"https:\/\/scontent-gru2-1.xx.fbcdn.net\/v\/t1.0-9\/17757524_1337459826345415_2346120093546122626_n.jpg?oh=9e581e6a48b2f53bcbe697b1ef0301de&amp;oe=5955179E\" alt=\"A imagem pode conter: c\u00e9u, \u00e1rvore, atividades ao ar livre e natureza\" width=\"500\" height=\"300\" \/><\/p>\n<p>Hoje, al\u00e9m das mans\u00f5es e resid\u00eancias de classe m\u00e9dia, o bairro conta tamb\u00e9m com uma importante escola (Cooedita) e uma cl\u00ednica de hemodi\u00e1lise (SARE), cujos usu\u00e1rios s\u00e3o obrigados a conviver com a buraqueira, lama, mato, poeira e animais soltos pelas ruas.<\/p>\n<p>A Secretaria Municipal de Infraestrutura precisa virar essa p\u00e1gina negra e voltar as sua aten\u00e7\u00e3o para o Recanto da Colina, cujos moradores pagam o maior IPTU de Itapetinga.<\/p>\n<p><strong><em>Por Davi Ferraz\u00a0<\/em><\/strong><\/p>\n","protected":false},"excerpt":{"rendered":"<p>Esquecido por quase todas as administra\u00e7\u00f5es municipais, o bairro Recanto da Colina, que um dia j\u00e1 foi &#8220;chique&#8221;, vive hoje um dos seus piores momentos, dada \u00e0 total falta de infraestrutura.\u00a0Quando foi lan\u00e7ado, no final dos anos 70, o Recanto da Colina contava com ruas asfaltadas, meio fio, dede de \u00e1gua e eletricidade, mas n\u00e3o [&hellip;]<\/p>\n","protected":false},"author":2,"featured_media":0,"comment_status":"open","ping_status":"open","sticky":false,"template":"","format":"standard","meta":{"footnotes":"","_links_to":"","_links_to_target":""},"categories":[1],"tags":[],"class_list":["post-64670","post","type-post","status-publish","format-standard","hentry","category-geral"],"views":1658,"_links":{"self":[{"href":"https:\/\/www.sudoestehoje.com.br\/novoportal\/wp-json\/wp\/v2\/posts\/64670","targetHints":{"allow":["GET"]}}],"collection":[{"href":"https:\/\/www.sudoestehoje.com.br\/novoportal\/wp-json\/wp\/v2\/posts"}],"about":[{"href":"https:\/\/www.sudoestehoje.com.br\/novoportal\/wp-json\/wp\/v2\/types\/post"}],"author":[{"embeddable":true,"href":"https:\/\/www.sudoestehoje.com.br\/novoportal\/wp-json\/wp\/v2\/users\/2"}],"replies":[{"embeddable":true,"href":"https:\/\/www.sudoestehoje.com.br\/novoportal\/wp-json\/wp\/v2\/comments?post=64670"}],"version-history":[{"count":2,"href":"https:\/\/www.sudoestehoje.com.br\/novoportal\/wp-json\/wp\/v2\/posts\/64670\/revisions"}],"predecessor-version":[{"id":64673,"href":"https:\/\/www.sudoestehoje.com.br\/novoportal\/wp-json\/wp\/v2\/posts\/64670\/revisions\/64673"}],"wp:attachment":[{"href":"https:\/\/www.sudoestehoje.com.br\/novoportal\/wp-json\/wp\/v2\/media?parent=64670"}],"wp:term":[{"taxonomy":"category","embeddable":true,"href":"https:\/\/www.sudoestehoje.com.br\/novoportal\/wp-json\/wp\/v2\/categories?post=64670"},{"taxonomy":"post_tag","embeddable":true,"href":"https:\/\/www.sudoestehoje.com.br\/novoportal\/wp-json\/wp\/v2\/tags?post=64670"}],"curies":[{"name":"wp","href":"https:\/\/api.w.org\/{rel}","templated":true}]}}