
{"id":64655,"date":"2017-04-01T23:57:01","date_gmt":"2017-04-02T02:57:01","guid":{"rendered":"http:\/\/www.sudoestehoje.com.br\/novoportal\/?p=64655"},"modified":"2017-04-02T00:07:18","modified_gmt":"2017-04-02T03:07:18","slug":"chuva-incessante-continua-causando-estragos-e-prejuizos-em-itapetinga","status":"publish","type":"post","link":"https:\/\/www.sudoestehoje.com.br\/novoportal\/2017\/04\/01\/chuva-incessante-continua-causando-estragos-e-prejuizos-em-itapetinga\/","title":{"rendered":"CHUVA INCESSANTE CONTINUA CAUSANDO ESTRAGOS E PREJU\u00cdZOS EM ITAPETINGA"},"content":{"rendered":"<p><img loading=\"lazy\" decoding=\"async\" class=\"\" src=\"https:\/\/scontent.fsdu7-1.fna.fbcdn.net\/v\/t1.0-9\/17629656_1378238972233702_3416746156396889722_n.jpg?oh=bcf453bfcd118804da6fb37ee779ef49&amp;oe=594E8DD9\" alt=\"A imagem pode conter: uma ou mais pessoas e atividades ao ar livre\" width=\"500\" height=\"375\" \/><\/p>\n<p>Desde a \u00faltima quinta-feira (30), que a chuva n\u00e3o para de cair em Itapetinga, depois de anos de intensa estiagem. A mesma chuva que traz tanta alegria e al\u00edvio para o produtor rural, traz tamb\u00e9m transtornos e preju\u00edzos para a popula\u00e7\u00e3o mais carente, principalmente nas periferias da cidade, onde a infraestrutura costuma ser prec\u00e1ria.<\/p>\n<p>Apesar de moderada, a chuva que cai em Itapetinga pelo terceiro dia consecutivo \u00e9 constante, e muitos estragos j\u00e1 foram registrados em v\u00e1rios pontos da cidade, onde algumas moradias foram alagadas, telhados ca\u00edram e at\u00e9 \u00e1rvores foram arrancadas pelas enxurradas.<\/p>\n<p>As secretarias municipais de Infraestrutura, Transportes e Desenvolvimento Social n\u00e3o pararam atender as in\u00fameras ocorr\u00eancias desde o in\u00edcio das chuvas, auxiliando a popula\u00e7\u00e3o.<\/p>\n<p>Segundo a assessoria do prefeito Rodrigo Hagge, essas secretarias devem continuar de plant\u00e3o durante todo o per\u00edodo chuvoso, auxiliando e identificando os danos, para posterior recupera\u00e7\u00e3o das moradias e infraestrutura urbana atingida durante o per\u00edodo chuvoso. CONFIRA FOTOS DAS OCORR\u00caNCIAS:<\/p>\n<p><img loading=\"lazy\" decoding=\"async\" class=\"\" src=\"https:\/\/scontent.fsdu7-1.fna.fbcdn.net\/v\/t1.0-9\/17634658_1378227805568152_737735728812176486_n.jpg?oh=2aed7c0bf6a134f8efbcbc95fe2e6e18&amp;oe=59675E90\" alt=\"A imagem pode conter: atividades ao ar livre\" width=\"501\" height=\"334\" \/><\/p>\n<p><img loading=\"lazy\" decoding=\"async\" class=\"\" src=\"https:\/\/scontent.fsdu7-1.fna.fbcdn.net\/v\/t1.0-9\/983892_1378229725567960_2089706902588103970_n.jpg?oh=4334f9eb38099cbd43bc7af35189a76c&amp;oe=595E5B34\" alt=\"A imagem pode conter: 2 pessoas, pessoas em p\u00e9, c\u00e9u e atividades ao ar livre\" width=\"501\" height=\"334\" \/><\/p>\n<p><img loading=\"lazy\" decoding=\"async\" class=\"\" src=\"https:\/\/scontent.fsdu7-1.fna.fbcdn.net\/v\/t1.0-9\/17523189_1378230622234537_5969170392596831712_n.jpg?oh=fbef3958ad0b542f268952948ce656e8&amp;oe=59618A5A\" alt=\"A imagem pode conter: 3 pessoas, casa e atividades ao ar livre\" width=\"501\" height=\"334\" \/><\/p>\n<p><img loading=\"lazy\" decoding=\"async\" class=\"\" src=\"https:\/\/scontent.fsdu7-1.fna.fbcdn.net\/v\/t1.0-9\/17629791_1378229202234679_7393180498453408714_n.jpg?oh=351cd9a4541fdf47aa233767dfb44335&amp;oe=59918D6C\" alt=\"A imagem pode conter: 2 pessoas, atividades ao ar livre\" width=\"501\" height=\"334\" \/><\/p>\n<p><img loading=\"lazy\" decoding=\"async\" class=\"\" src=\"https:\/\/scontent.fsdu7-1.fna.fbcdn.net\/v\/t1.0-9\/17629634_1378227498901516_7229305488794598970_n.jpg?oh=014322f30e814680b9dc6085f77cd266&amp;oe=595AF8C6\" alt=\"A imagem pode conter: quarto e \u00e1rea interna\" width=\"501\" height=\"334\" \/><\/p>\n<p><img loading=\"lazy\" decoding=\"async\" class=\"\" src=\"https:\/\/scontent.fsdu7-1.fna.fbcdn.net\/v\/t1.0-9\/17629782_1378394535551479_6473750022486150747_n.jpg?oh=6ac4d91454335f36c9d6367d72eb25e5&amp;oe=5951D914\" alt=\"A imagem pode conter: noite, c\u00e9u, atividades ao ar livre e natureza\" width=\"501\" height=\"282\" \/><\/p>\n<p><img loading=\"lazy\" decoding=\"async\" class=\"\" src=\"https:\/\/scontent.fsdu7-1.fna.fbcdn.net\/v\/t1.0-9\/17629814_1335764659848265_4009916052011301431_n.jpg?oh=0dea153eae2b26333d54839ca69a0148&amp;oe=594DEEFF\" alt=\"A imagem pode conter: c\u00e9u e atividades ao ar livre\" width=\"501\" height=\"282\" \/><\/p>\n<p><img loading=\"lazy\" decoding=\"async\" class=\"\" src=\"https:\/\/scontent.fsdu7-1.fna.fbcdn.net\/v\/t1.0-9\/17426172_1335764723181592_6537205733629130186_n.jpg?oh=1e95a9e671d88ced025d7980c7021692&amp;oe=59568305\" alt=\"A imagem pode conter: 1 pessoa, atividades ao ar livre\" width=\"501\" height=\"282\" \/><\/p>\n<p><img loading=\"lazy\" decoding=\"async\" class=\"\" src=\"https:\/\/scontent.fsdu7-1.fna.fbcdn.net\/v\/t1.0-9\/17634535_1378239095567023_5319920228127122415_n.jpg?oh=701bd4b43cb1931c41dd550c1c1f74bd&amp;oe=59692FD2\" alt=\"A imagem pode conter: c\u00e9u e atividades ao ar livre\" width=\"500\" height=\"375\" \/><\/p>\n<p><strong><em>Por Davi Ferraz<\/em><\/strong><\/p>\n","protected":false},"excerpt":{"rendered":"<p>Desde a \u00faltima quinta-feira (30), que a chuva n\u00e3o para de cair em Itapetinga, depois de anos de intensa estiagem. A mesma chuva que traz tanta alegria e al\u00edvio para o produtor rural, traz tamb\u00e9m transtornos e preju\u00edzos para a popula\u00e7\u00e3o mais carente, principalmente nas periferias da cidade, onde a infraestrutura costuma ser prec\u00e1ria. Apesar [&hellip;]<\/p>\n","protected":false},"author":2,"featured_media":0,"comment_status":"open","ping_status":"open","sticky":false,"template":"","format":"standard","meta":{"footnotes":"","_links_to":"","_links_to_target":""},"categories":[1],"tags":[],"class_list":["post-64655","post","type-post","status-publish","format-standard","hentry","category-geral"],"views":3205,"_links":{"self":[{"href":"https:\/\/www.sudoestehoje.com.br\/novoportal\/wp-json\/wp\/v2\/posts\/64655","targetHints":{"allow":["GET"]}}],"collection":[{"href":"https:\/\/www.sudoestehoje.com.br\/novoportal\/wp-json\/wp\/v2\/posts"}],"about":[{"href":"https:\/\/www.sudoestehoje.com.br\/novoportal\/wp-json\/wp\/v2\/types\/post"}],"author":[{"embeddable":true,"href":"https:\/\/www.sudoestehoje.com.br\/novoportal\/wp-json\/wp\/v2\/users\/2"}],"replies":[{"embeddable":true,"href":"https:\/\/www.sudoestehoje.com.br\/novoportal\/wp-json\/wp\/v2\/comments?post=64655"}],"version-history":[{"count":5,"href":"https:\/\/www.sudoestehoje.com.br\/novoportal\/wp-json\/wp\/v2\/posts\/64655\/revisions"}],"predecessor-version":[{"id":64660,"href":"https:\/\/www.sudoestehoje.com.br\/novoportal\/wp-json\/wp\/v2\/posts\/64655\/revisions\/64660"}],"wp:attachment":[{"href":"https:\/\/www.sudoestehoje.com.br\/novoportal\/wp-json\/wp\/v2\/media?parent=64655"}],"wp:term":[{"taxonomy":"category","embeddable":true,"href":"https:\/\/www.sudoestehoje.com.br\/novoportal\/wp-json\/wp\/v2\/categories?post=64655"},{"taxonomy":"post_tag","embeddable":true,"href":"https:\/\/www.sudoestehoje.com.br\/novoportal\/wp-json\/wp\/v2\/tags?post=64655"}],"curies":[{"name":"wp","href":"https:\/\/api.w.org\/{rel}","templated":true}]}}