
{"id":64645,"date":"2017-03-31T22:04:27","date_gmt":"2017-04-01T01:04:27","guid":{"rendered":"http:\/\/www.sudoestehoje.com.br\/novoportal\/?p=64645"},"modified":"2017-03-31T22:04:27","modified_gmt":"2017-04-01T01:04:27","slug":"itambe-prefeito-eduardo-gama-se-reune-com-empresarios-no-espirito-santo","status":"publish","type":"post","link":"https:\/\/www.sudoestehoje.com.br\/novoportal\/2017\/03\/31\/itambe-prefeito-eduardo-gama-se-reune-com-empresarios-no-espirito-santo\/","title":{"rendered":"ITAMB\u00c9: PREFEITO EDUARDO GAMA SE RE\u00daNE COM EMPRES\u00c1RIOS NO ESP\u00cdRITO SANTO"},"content":{"rendered":"<p><img loading=\"lazy\" decoding=\"async\" class=\"\" src=\"https:\/\/scontent.fsdu7-1.fna.fbcdn.net\/v\/t1.0-9\/17629838_1334117573346307_67786437410962181_n.jpg?oh=bc872cfbc79ef018cbec7192cb3d5e35&amp;oe=5998362B\" alt=\"A imagem pode conter: uma ou mais pessoas, pessoas sentadas e \u00e1rea interna\" width=\"500\" height=\"375\" \/><\/p>\n<p>Na semana passada o prefeito de Itamb\u00e9, Eduardo Gama, em sua primeira viagem oficial fora do Estado, esteve em Vit\u00f3ria, capital do Esp\u00edrito Santo, onde participou de v\u00e1rias reuni\u00f5es com diversos empres\u00e1rios, al\u00e9m de ter sido recebido pela diretoria da Ag\u00eancia de Desenvolvimento das Micro e Pequenas Empresas e do Empreendedorismo (Aderes), \u00f3rg\u00e3o do Governo do Estado.<\/p>\n<p>Junto com sua comitiva, o prefeito da cidade baiana se reuniu com o diretor-presidente Edilson Rodes, conheceu o trabalho das ger\u00eancias e visitou diversos projetos da autarquia voltados para o fortalecimento do empreendedorismo capixaba, como o Banco do Bem, a Associa\u00e7\u00e3o de Catadores de Materiais Recicl\u00e1veis da Serra (Abrasol) e a Unidade M\u00f3vel do \u201cNosso cr\u00e9dito\u201d, da cidade de Viana.<\/p>\n<p><img loading=\"lazy\" decoding=\"async\" class=\"\" src=\"https:\/\/scontent.fsdu7-1.fna.fbcdn.net\/v\/t1.0-9\/17626161_1334117620012969_3172688288834311240_n.jpg?oh=7a321486229ec77321e33369d8e02877&amp;oe=5999EB5B\" alt=\"A imagem pode conter: 5 pessoas, pessoas sentadas, tabela e \u00e1rea interna\" width=\"500\" height=\"375\" \/><\/p>\n<p>Para o prefeito Eduardo Gama, a visita \u00e0 Aderes permitiu compartilhar boas ideias da realidade capixaba, experi\u00eancias que v\u00eam dando certo e que podem ser levadas para a sua cidade, tendo em vista a necessidade de enfrentamento da crise com recursos municipais escassos e a cria\u00e7\u00e3o de novas oportunidades de desenvolvimento. <span style=\"color: #0000ff;\"><strong><em>CONTINUE LENDO&#8230;<\/em><\/strong><\/span><!--more--><\/p>\n<p>Na oportunidade o prefeito tamb\u00e9m falou sobre seu projeto de incentivar empres\u00e1rios capixabas a investir em Itamb\u00e9 na implanta\u00e7\u00e3o de ind\u00fastrias voltadas a extra\u00e7\u00e3o do m\u00e1rmore e granito, uma vez que o munic\u00edpio baiano \u00e9 rico em jazidas de pedras ornamentais e faltam incentivos para que possam ser criadas ind\u00fastrias no setor de extra\u00e7\u00e3o e beneficiamento dessas rochas.<\/p>\n<p>\u201cRecebi o convite da diretoria da Aderes para conhecer os projetos da autarquia e aproveitei para convidar empres\u00e1rios locais, que tem larga experi\u00eancia do setor de extra\u00e7\u00e3o de rochas, para se instalarem em Itamb\u00e9. Tanto as ind\u00fastrias de extra\u00e7\u00e3o como a de beneficiamento gerariam centenas de empregos em nossa cidade e contribuiria significativamente para reduzir o desemprego causado pela sa\u00edda da ind\u00fastria cal\u00e7adista. Gerar empregos em Itamb\u00e9 \u00e9 uma das minhas prioridades\u201d disse o prefeito Eduardo Gama.<\/p>\n<p>Ainda em Vit\u00f3ria, Eduardo Gama, esteve na sede do Grupo Vita, onde foi recebido pelo CEO da empresa, o advogado Marco Correia. Uma das empresas que comp\u00f5e o conglomerado, a Vita Ambiental, recentemente venceu uma concorrida licita\u00e7\u00e3o em Itamb\u00e9 e ficar\u00e1 respons\u00e1vel por toda coleta de res\u00edduos s\u00f3lidos e de sa\u00fade da cidade.<\/p>\n<p>O prefeito Eduardo Gama, apesar de j\u00e1 ter comprovado a qualidade e efici\u00eancia do trabalho executado pela empresa, fez quest\u00e3o de ir pessoalmente \u00e0 matriz em Vit\u00f3ria e teve a oportunidade de conhecer toda invej\u00e1vel estrutura administrativa do Grupo que funciona em dois andares do Ed. Corporate Center, localizado na principal avenida da capital.<\/p>\n<p>O Grupo VITA \u00e9 composto pela Ethos Engenharia e Construtora, Ilha Azul Corretora de Seguros (a maior corretora do ES, com filiais em 8 estados, inclusive na Bahia), Mediatore Consultoria, Mediatore Administra\u00e7\u00e3o e Gest\u00e3o de Benef\u00edcios, Invest Dental \u2013 operadora de odontologia, al\u00e9m da sede administrativa da f\u00e1brica de um energ\u00e9tico natural, composto por A\u00e7a\u00ed e guaran\u00e1, j\u00e1 comercializado no sudeste e que ser\u00e1 lan\u00e7ado em breve na Bahia, com a possibilidade da f\u00e1brica se instalar aqui na regi\u00e3o. A Eco Vita Ambiental faz parte do Grupo mas tem sua sede na cidade de Itapetinga, apesar de n\u00e3o atuar mais na cidade. \/\/Ascom<\/p>\n","protected":false},"excerpt":{"rendered":"<p>Na semana passada o prefeito de Itamb\u00e9, Eduardo Gama, em sua primeira viagem oficial fora do Estado, esteve em Vit\u00f3ria, capital do Esp\u00edrito Santo, onde participou de v\u00e1rias reuni\u00f5es com diversos empres\u00e1rios, al\u00e9m de ter sido recebido pela diretoria da Ag\u00eancia de Desenvolvimento das Micro e Pequenas Empresas e do Empreendedorismo (Aderes), \u00f3rg\u00e3o do Governo [&hellip;]<\/p>\n","protected":false},"author":2,"featured_media":0,"comment_status":"open","ping_status":"open","sticky":false,"template":"","format":"standard","meta":{"footnotes":"","_links_to":"","_links_to_target":""},"categories":[1],"tags":[],"class_list":["post-64645","post","type-post","status-publish","format-standard","hentry","category-geral"],"views":1390,"_links":{"self":[{"href":"https:\/\/www.sudoestehoje.com.br\/novoportal\/wp-json\/wp\/v2\/posts\/64645","targetHints":{"allow":["GET"]}}],"collection":[{"href":"https:\/\/www.sudoestehoje.com.br\/novoportal\/wp-json\/wp\/v2\/posts"}],"about":[{"href":"https:\/\/www.sudoestehoje.com.br\/novoportal\/wp-json\/wp\/v2\/types\/post"}],"author":[{"embeddable":true,"href":"https:\/\/www.sudoestehoje.com.br\/novoportal\/wp-json\/wp\/v2\/users\/2"}],"replies":[{"embeddable":true,"href":"https:\/\/www.sudoestehoje.com.br\/novoportal\/wp-json\/wp\/v2\/comments?post=64645"}],"version-history":[{"count":1,"href":"https:\/\/www.sudoestehoje.com.br\/novoportal\/wp-json\/wp\/v2\/posts\/64645\/revisions"}],"predecessor-version":[{"id":64646,"href":"https:\/\/www.sudoestehoje.com.br\/novoportal\/wp-json\/wp\/v2\/posts\/64645\/revisions\/64646"}],"wp:attachment":[{"href":"https:\/\/www.sudoestehoje.com.br\/novoportal\/wp-json\/wp\/v2\/media?parent=64645"}],"wp:term":[{"taxonomy":"category","embeddable":true,"href":"https:\/\/www.sudoestehoje.com.br\/novoportal\/wp-json\/wp\/v2\/categories?post=64645"},{"taxonomy":"post_tag","embeddable":true,"href":"https:\/\/www.sudoestehoje.com.br\/novoportal\/wp-json\/wp\/v2\/tags?post=64645"}],"curies":[{"name":"wp","href":"https:\/\/api.w.org\/{rel}","templated":true}]}}