
{"id":64642,"date":"2017-03-31T21:22:59","date_gmt":"2017-04-01T00:22:59","guid":{"rendered":"http:\/\/www.sudoestehoje.com.br\/novoportal\/?p=64642"},"modified":"2017-03-31T21:22:59","modified_gmt":"2017-04-01T00:22:59","slug":"mau-exemplo-apresentador-da-rede-bahia-e-pego-em-blitz-da-lei-seca","status":"publish","type":"post","link":"https:\/\/www.sudoestehoje.com.br\/novoportal\/2017\/03\/31\/mau-exemplo-apresentador-da-rede-bahia-e-pego-em-blitz-da-lei-seca\/","title":{"rendered":"MAU EXEMPLO: APRESENTADOR DA REDE BAHIA \u00c9 PEGO EM BLITZ DA LEI SECA"},"content":{"rendered":"<p><a href=\"http:\/\/www.sudoestehoje.com.br\/novoportal\/wp-content\/uploads\/2017\/03\/MASTROIANI.jpg\"><img loading=\"lazy\" decoding=\"async\" class=\"aligncenter size-medium wp-image-64643\" src=\"http:\/\/www.sudoestehoje.com.br\/novoportal\/wp-content\/uploads\/2017\/03\/MASTROIANI-500x330.jpg\" alt=\"MASTROIANI\" width=\"500\" height=\"330\" \/><\/a><\/p>\n<p>A noite de quinta-feira (30) foi pesada para o apresentador da Rede Bahia, Thiago Mastroianni. De acordo com o site Boc\u00e3o News, ele foi pego numa blitz da Lei Seca montada pela Transalvador na Avenida Garibaldi.<\/p>\n<p>Mastroianni s\u00f3 n\u00e3o teve o carro levado porque apresentou um condutor habilitado. Segundo uma fonte, o apresentador estava a bordo do Jeep Renegade quando tentou fugir do bloqueio, mas foi abordado pelo Esquadr\u00e3o \u00c1guia.<\/p>\n<p>Levado at\u00e9 o posto da blitz, ele teria se recusado a fazer o teste do baf\u00f4metro. Mastroianni foi autuado por duas infra\u00e7\u00f5es com base nos artigos 165 A e 186, inciso II do C\u00f3digo de Tr\u00e2nsito Brasileiro (CTB).<\/p>\n","protected":false},"excerpt":{"rendered":"<p>A noite de quinta-feira (30) foi pesada para o apresentador da Rede Bahia, Thiago Mastroianni. De acordo com o site Boc\u00e3o News, ele foi pego numa blitz da Lei Seca montada pela Transalvador na Avenida Garibaldi. Mastroianni s\u00f3 n\u00e3o teve o carro levado porque apresentou um condutor habilitado. Segundo uma fonte, o apresentador estava a [&hellip;]<\/p>\n","protected":false},"author":2,"featured_media":64643,"comment_status":"open","ping_status":"open","sticky":false,"template":"","format":"standard","meta":{"footnotes":"","_links_to":"","_links_to_target":""},"categories":[1],"tags":[],"class_list":["post-64642","post","type-post","status-publish","format-standard","has-post-thumbnail","hentry","category-geral"],"views":1509,"_links":{"self":[{"href":"https:\/\/www.sudoestehoje.com.br\/novoportal\/wp-json\/wp\/v2\/posts\/64642","targetHints":{"allow":["GET"]}}],"collection":[{"href":"https:\/\/www.sudoestehoje.com.br\/novoportal\/wp-json\/wp\/v2\/posts"}],"about":[{"href":"https:\/\/www.sudoestehoje.com.br\/novoportal\/wp-json\/wp\/v2\/types\/post"}],"author":[{"embeddable":true,"href":"https:\/\/www.sudoestehoje.com.br\/novoportal\/wp-json\/wp\/v2\/users\/2"}],"replies":[{"embeddable":true,"href":"https:\/\/www.sudoestehoje.com.br\/novoportal\/wp-json\/wp\/v2\/comments?post=64642"}],"version-history":[{"count":1,"href":"https:\/\/www.sudoestehoje.com.br\/novoportal\/wp-json\/wp\/v2\/posts\/64642\/revisions"}],"predecessor-version":[{"id":64644,"href":"https:\/\/www.sudoestehoje.com.br\/novoportal\/wp-json\/wp\/v2\/posts\/64642\/revisions\/64644"}],"wp:featuredmedia":[{"embeddable":true,"href":"https:\/\/www.sudoestehoje.com.br\/novoportal\/wp-json\/wp\/v2\/media\/64643"}],"wp:attachment":[{"href":"https:\/\/www.sudoestehoje.com.br\/novoportal\/wp-json\/wp\/v2\/media?parent=64642"}],"wp:term":[{"taxonomy":"category","embeddable":true,"href":"https:\/\/www.sudoestehoje.com.br\/novoportal\/wp-json\/wp\/v2\/categories?post=64642"},{"taxonomy":"post_tag","embeddable":true,"href":"https:\/\/www.sudoestehoje.com.br\/novoportal\/wp-json\/wp\/v2\/tags?post=64642"}],"curies":[{"name":"wp","href":"https:\/\/api.w.org\/{rel}","templated":true}]}}