
{"id":64639,"date":"2017-03-31T20:17:02","date_gmt":"2017-03-31T23:17:02","guid":{"rendered":"http:\/\/www.sudoestehoje.com.br\/novoportal\/?p=64639"},"modified":"2017-03-31T20:17:02","modified_gmt":"2017-03-31T23:17:02","slug":"lei-da-terceirizacao-e-sancionada-por-temer","status":"publish","type":"post","link":"https:\/\/www.sudoestehoje.com.br\/novoportal\/2017\/03\/31\/lei-da-terceirizacao-e-sancionada-por-temer\/","title":{"rendered":"LEI DA TERCEIRIZA\u00c7\u00c3O \u00c9 SANCIONADA POR TEMER"},"content":{"rendered":"<div class=\"mc-column content-text active-extra-styles active-capital-letter\" data-block-type=\"unstyled\" data-block-weight=\"30\">\n<p class=\"content-text__container theme-color-primary-first-letter\" data-track-category=\"Link no Texto\" data-track-links=\"\"><a href=\"http:\/\/www.sudoestehoje.com.br\/novoportal\/wp-content\/uploads\/2017\/03\/TEMER.jpg\"><img loading=\"lazy\" decoding=\"async\" class=\"aligncenter size-medium wp-image-64640\" src=\"http:\/\/www.sudoestehoje.com.br\/novoportal\/wp-content\/uploads\/2017\/03\/TEMER-500x282.jpg\" alt=\"TEMER\" width=\"500\" height=\"282\" srcset=\"https:\/\/www.sudoestehoje.com.br\/novoportal\/wp-content\/uploads\/2017\/03\/TEMER-500x282.jpg 500w, https:\/\/www.sudoestehoje.com.br\/novoportal\/wp-content\/uploads\/2017\/03\/TEMER.jpg 610w\" sizes=\"auto, (max-width: 500px) 100vw, 500px\" \/><\/a><\/p>\n<p class=\"content-text__container theme-color-primary-first-letter\" data-track-category=\"Link no Texto\" data-track-links=\"\">A Secretaria de Imprensa da Presid\u00eancia informou que o presidente Michel Temer sancionou nesta sexta-feira (31) com tr\u00eas vetos o projeto aprovado pela C\u00e2mara dos Deputados que trata da terceiriza\u00e7\u00e3o.<\/p>\n<\/div>\n<div class=\"mc-column content-text active-extra-styles \" data-block-type=\"unstyled\" data-block-weight=\"23\">\n<p class=\"content-text__container \" data-track-category=\"Link no Texto\" data-track-links=\"\">A proposta, aprovada pelos deputados no \u00faltimo dia 22, permite a contrata\u00e7\u00e3o de servi\u00e7o terceirizado em qualquer tipo de atividade de uma empresa.<\/p>\n<\/div>\n<div class=\"mc-column content-text active-extra-styles \" data-block-type=\"unstyled\" data-block-weight=\"22\">\n<p class=\"content-text__container \" data-track-category=\"Link no Texto\" data-track-links=\"\">De acordo com a Presid\u00eancia, a san\u00e7\u00e3o da lei ser\u00e1 publicada ainda nesta sexta em edi\u00e7\u00e3o extra do &#8220;Di\u00e1rio Oficial da Uni\u00e3o&#8221;.<\/p>\n<\/div>\n<div class=\"mc-column content-text active-extra-styles\" data-block-type=\"raw\" data-block-weight=\"2\">\n<div class=\"content-intertitle\">\n<h2>Os vetos<\/h2>\n<\/div>\n<\/div>\n<div class=\"mc-column content-text active-extra-styles \" data-block-type=\"unstyled\" data-block-weight=\"54\">\n<p class=\"content-text__container \" data-track-category=\"Link no Texto\" data-track-links=\"\">Segundo a assessoria de Temer, o presidente vetou o par\u00e1grafo 3\u00ba do Artigo 10, que previa prazo de 270 dias de experi\u00eancia para os contratos tempor\u00e1rios. Nesse mesmo par\u00e1grafo, havia a previs\u00e3o de o prazo ser alterado por acordo ou conven\u00e7\u00e3o coletiva. O que o presidente vetou foi a possibilidade de prorroga\u00e7\u00e3o do prazo.<\/p>\n<\/div>\n<div class=\"mc-column content-text active-extra-styles \" data-block-type=\"unstyled\" data-block-weight=\"36\">\n<p class=\"content-text__container \" data-track-category=\"Link no Texto\" data-track-links=\"\">Outro ponto vetado pelo presidente foram al\u00edneas e par\u00e1grafos do Artigo 12. Esses pontos previam quest\u00f5es j\u00e1 contempladas, segundo a assessoria do Planalto, no Artigo 7 da Constitui\u00e7\u00e3o Federal. Por isso, esses itens foram considerados in\u00f3cuos.<\/p>\n<\/div>\n<div class=\"mc-column content-text active-extra-styles \" data-block-type=\"unstyled\" data-block-weight=\"25\">\n<p class=\"content-text__container \" data-track-category=\"Link no Texto\" data-track-links=\"\">Por fim, outro trecho vetado foi o par\u00e1grafo \u00fanico do Artigo 11, porque se tornou in\u00f3cuo em raz\u00e3o dos vetos a trechos do Artigo 12. \/\/G1<\/p>\n<\/div>\n","protected":false},"excerpt":{"rendered":"<p>A Secretaria de Imprensa da Presid\u00eancia informou que o presidente Michel Temer sancionou nesta sexta-feira (31) com tr\u00eas vetos o projeto aprovado pela C\u00e2mara dos Deputados que trata da terceiriza\u00e7\u00e3o. A proposta, aprovada pelos deputados no \u00faltimo dia 22, permite a contrata\u00e7\u00e3o de servi\u00e7o terceirizado em qualquer tipo de atividade de uma empresa. De acordo [&hellip;]<\/p>\n","protected":false},"author":2,"featured_media":64640,"comment_status":"open","ping_status":"open","sticky":false,"template":"","format":"standard","meta":{"footnotes":"","_links_to":"","_links_to_target":""},"categories":[1],"tags":[],"class_list":["post-64639","post","type-post","status-publish","format-standard","has-post-thumbnail","hentry","category-geral"],"views":1713,"_links":{"self":[{"href":"https:\/\/www.sudoestehoje.com.br\/novoportal\/wp-json\/wp\/v2\/posts\/64639","targetHints":{"allow":["GET"]}}],"collection":[{"href":"https:\/\/www.sudoestehoje.com.br\/novoportal\/wp-json\/wp\/v2\/posts"}],"about":[{"href":"https:\/\/www.sudoestehoje.com.br\/novoportal\/wp-json\/wp\/v2\/types\/post"}],"author":[{"embeddable":true,"href":"https:\/\/www.sudoestehoje.com.br\/novoportal\/wp-json\/wp\/v2\/users\/2"}],"replies":[{"embeddable":true,"href":"https:\/\/www.sudoestehoje.com.br\/novoportal\/wp-json\/wp\/v2\/comments?post=64639"}],"version-history":[{"count":1,"href":"https:\/\/www.sudoestehoje.com.br\/novoportal\/wp-json\/wp\/v2\/posts\/64639\/revisions"}],"predecessor-version":[{"id":64641,"href":"https:\/\/www.sudoestehoje.com.br\/novoportal\/wp-json\/wp\/v2\/posts\/64639\/revisions\/64641"}],"wp:featuredmedia":[{"embeddable":true,"href":"https:\/\/www.sudoestehoje.com.br\/novoportal\/wp-json\/wp\/v2\/media\/64640"}],"wp:attachment":[{"href":"https:\/\/www.sudoestehoje.com.br\/novoportal\/wp-json\/wp\/v2\/media?parent=64639"}],"wp:term":[{"taxonomy":"category","embeddable":true,"href":"https:\/\/www.sudoestehoje.com.br\/novoportal\/wp-json\/wp\/v2\/categories?post=64639"},{"taxonomy":"post_tag","embeddable":true,"href":"https:\/\/www.sudoestehoje.com.br\/novoportal\/wp-json\/wp\/v2\/tags?post=64639"}],"curies":[{"name":"wp","href":"https:\/\/api.w.org\/{rel}","templated":true}]}}