
{"id":64635,"date":"2017-03-31T19:03:22","date_gmt":"2017-03-31T22:03:22","guid":{"rendered":"http:\/\/www.sudoestehoje.com.br\/novoportal\/?p=64635"},"modified":"2017-03-31T19:03:22","modified_gmt":"2017-03-31T22:03:22","slug":"macarani-adolescente-de-13-anos-foi-executado-a-tiros-na-manha-desta-sexta","status":"publish","type":"post","link":"https:\/\/www.sudoestehoje.com.br\/novoportal\/2017\/03\/31\/macarani-adolescente-de-13-anos-foi-executado-a-tiros-na-manha-desta-sexta\/","title":{"rendered":"MACARANI: ADOLESCENTE DE 13 ANOS FOI EXECUTADO A TIROS NA MANH\u00c3 DESTA SEXTA"},"content":{"rendered":"<p><a href=\"http:\/\/www.sudoestehoje.com.br\/novoportal\/wp-content\/uploads\/2017\/03\/MORTO-MACARANI.jpg\"><img loading=\"lazy\" decoding=\"async\" class=\"aligncenter size-medium wp-image-64636\" src=\"http:\/\/www.sudoestehoje.com.br\/novoportal\/wp-content\/uploads\/2017\/03\/MORTO-MACARANI-500x302.jpg\" alt=\"MORTO MACARANI\" width=\"500\" height=\"302\" srcset=\"https:\/\/www.sudoestehoje.com.br\/novoportal\/wp-content\/uploads\/2017\/03\/MORTO-MACARANI-500x302.jpg 500w, https:\/\/www.sudoestehoje.com.br\/novoportal\/wp-content\/uploads\/2017\/03\/MORTO-MACARANI.jpg 529w\" sizes=\"auto, (max-width: 500px) 100vw, 500px\" \/><\/a><\/p>\n<p>Em Macarani, a Pol\u00edcia Civil registrou um crime de homic\u00eddio ocorrido na manh\u00e3 desta sexta-feira (31), em que um adolescente de 13 anos foi alvejado por disparo de arma de fogo.<\/p>\n<p>De acordo com a Delegacia Territorial da cidade, o crime aconteceu no Mangueiro do bairro Benito Gama, por volta das 10hs da manh\u00e3. A v\u00edtima tinha 13 anos de idade e foi identificada como Gabriel de Jesus Almeida, natural daquele munic\u00edpio.<\/p>\n<p>O delegado titular Dr. Irineu Andrade expediu Guia para Exame M\u00e9dico-Legal e o corpo foi encaminhado para o IML de Itapetinga. A DT de Macarani assumiu as investiga\u00e7\u00f5es e trabalha agora para definir autoria e motiva\u00e7\u00e3o do crime. \/\/ Itapetinga na M\u00eddia.<\/p>\n","protected":false},"excerpt":{"rendered":"<p>Em Macarani, a Pol\u00edcia Civil registrou um crime de homic\u00eddio ocorrido na manh\u00e3 desta sexta-feira (31), em que um adolescente de 13 anos foi alvejado por disparo de arma de fogo. De acordo com a Delegacia Territorial da cidade, o crime aconteceu no Mangueiro do bairro Benito Gama, por volta das 10hs da manh\u00e3. A [&hellip;]<\/p>\n","protected":false},"author":2,"featured_media":64636,"comment_status":"open","ping_status":"open","sticky":false,"template":"","format":"standard","meta":{"footnotes":"","_links_to":"","_links_to_target":""},"categories":[1],"tags":[],"class_list":["post-64635","post","type-post","status-publish","format-standard","has-post-thumbnail","hentry","category-geral"],"views":2401,"_links":{"self":[{"href":"https:\/\/www.sudoestehoje.com.br\/novoportal\/wp-json\/wp\/v2\/posts\/64635","targetHints":{"allow":["GET"]}}],"collection":[{"href":"https:\/\/www.sudoestehoje.com.br\/novoportal\/wp-json\/wp\/v2\/posts"}],"about":[{"href":"https:\/\/www.sudoestehoje.com.br\/novoportal\/wp-json\/wp\/v2\/types\/post"}],"author":[{"embeddable":true,"href":"https:\/\/www.sudoestehoje.com.br\/novoportal\/wp-json\/wp\/v2\/users\/2"}],"replies":[{"embeddable":true,"href":"https:\/\/www.sudoestehoje.com.br\/novoportal\/wp-json\/wp\/v2\/comments?post=64635"}],"version-history":[{"count":1,"href":"https:\/\/www.sudoestehoje.com.br\/novoportal\/wp-json\/wp\/v2\/posts\/64635\/revisions"}],"predecessor-version":[{"id":64637,"href":"https:\/\/www.sudoestehoje.com.br\/novoportal\/wp-json\/wp\/v2\/posts\/64635\/revisions\/64637"}],"wp:featuredmedia":[{"embeddable":true,"href":"https:\/\/www.sudoestehoje.com.br\/novoportal\/wp-json\/wp\/v2\/media\/64636"}],"wp:attachment":[{"href":"https:\/\/www.sudoestehoje.com.br\/novoportal\/wp-json\/wp\/v2\/media?parent=64635"}],"wp:term":[{"taxonomy":"category","embeddable":true,"href":"https:\/\/www.sudoestehoje.com.br\/novoportal\/wp-json\/wp\/v2\/categories?post=64635"},{"taxonomy":"post_tag","embeddable":true,"href":"https:\/\/www.sudoestehoje.com.br\/novoportal\/wp-json\/wp\/v2\/tags?post=64635"}],"curies":[{"name":"wp","href":"https:\/\/api.w.org\/{rel}","templated":true}]}}