
{"id":64622,"date":"2017-03-30T17:16:31","date_gmt":"2017-03-30T20:16:31","guid":{"rendered":"http:\/\/www.sudoestehoje.com.br\/novoportal\/?p=64622"},"modified":"2017-03-31T18:39:09","modified_gmt":"2017-03-31T21:39:09","slug":"itapetinga-chuvas-causam-transtornos-e-sofrimento-no-americo-nogueira","status":"publish","type":"post","link":"https:\/\/www.sudoestehoje.com.br\/novoportal\/2017\/03\/30\/itapetinga-chuvas-causam-transtornos-e-sofrimento-no-americo-nogueira\/","title":{"rendered":"ITAPETINGA: CHUVAS CAUSAM TRANSTORNOS E SOFRIMENTO NO AM\u00c9RICO NOGUEIRA"},"content":{"rendered":"<p><img loading=\"lazy\" decoding=\"async\" class=\"\" src=\"https:\/\/scontent-gru2-1.xx.fbcdn.net\/v\/t1.0-9\/17457822_1008786859252881_2023892457868842554_n.jpg?oh=b542072989624cf04488540140405855&amp;oe=59619774\" alt=\"A imagem pode conter: carro e atividades ao ar livre\" width=\"501\" height=\"282\" \/><\/p>\n<p>Um dos bairros mais desestruturados de Itapetinga \u00e9, sem d\u00favida, o Am\u00e9rico Nogueira, popularmente conhecido como &#8220;Sem Terra&#8221;.\u00a0Nascido de uma invas\u00e3o em 1996, o Am\u00e9rico Nogueira parou no tempo e sofre pela falta de saneamento, drenagem para \u00e1guas pluviais e pavimenta\u00e7\u00e3o, levando os seus moradores ao desespero, toda vez que chove forte na cidade.<\/p>\n<p>Em 2007, o ent\u00e3o prefeito Michel Hagge (PMDB) levava adiante um projeto de reestrutura\u00e7\u00e3o do bairro, com recursos do Minist\u00e9rio da Integra\u00e7\u00e3o, envolvendo saneamento e pavimenta\u00e7\u00e3o, mas foi surpreendido com uma a\u00e7\u00e3o movida na justi\u00e7a pelo Minist\u00e9rio P\u00fablico, que pediu e conseguiu a suspens\u00e3o da obra, por considerar o bairro um &#8220;loteamento particular&#8221;, erro hist\u00f3rico que ainda hoje impede o Am\u00e9rico Nogueira de receber benef\u00edcios do munic\u00edpio, Estado e Uni\u00e3o.<\/p>\n<p>A a\u00e7\u00e3o judicial ainda n\u00e3o foi resolvida, enquanto os moradores continuam no sofrimento.<\/p>\n<p><strong><em>Por Davi Ferraz\u00a0<\/em><\/strong><\/p>\n<p><img loading=\"lazy\" decoding=\"async\" class=\"\" src=\"http:\/\/1.bp.blogspot.com\/-4gMAHRphA6k\/UvMG2q4I0VI\/AAAAAAAA5Fs\/XZTqZPydwPc\/s1600\/supermoda2.jpg\" alt=\"Resultado de imagem para supermoda itapetinga\" width=\"502\" height=\"127\" \/><\/p>\n","protected":false},"excerpt":{"rendered":"<p>Um dos bairros mais desestruturados de Itapetinga \u00e9, sem d\u00favida, o Am\u00e9rico Nogueira, popularmente conhecido como &#8220;Sem Terra&#8221;.\u00a0Nascido de uma invas\u00e3o em 1996, o Am\u00e9rico Nogueira parou no tempo e sofre pela falta de saneamento, drenagem para \u00e1guas pluviais e pavimenta\u00e7\u00e3o, levando os seus moradores ao desespero, toda vez que chove forte na cidade. Em [&hellip;]<\/p>\n","protected":false},"author":2,"featured_media":0,"comment_status":"open","ping_status":"open","sticky":false,"template":"","format":"standard","meta":{"footnotes":"","_links_to":"","_links_to_target":""},"categories":[1],"tags":[],"class_list":["post-64622","post","type-post","status-publish","format-standard","hentry","category-geral"],"views":2265,"_links":{"self":[{"href":"https:\/\/www.sudoestehoje.com.br\/novoportal\/wp-json\/wp\/v2\/posts\/64622","targetHints":{"allow":["GET"]}}],"collection":[{"href":"https:\/\/www.sudoestehoje.com.br\/novoportal\/wp-json\/wp\/v2\/posts"}],"about":[{"href":"https:\/\/www.sudoestehoje.com.br\/novoportal\/wp-json\/wp\/v2\/types\/post"}],"author":[{"embeddable":true,"href":"https:\/\/www.sudoestehoje.com.br\/novoportal\/wp-json\/wp\/v2\/users\/2"}],"replies":[{"embeddable":true,"href":"https:\/\/www.sudoestehoje.com.br\/novoportal\/wp-json\/wp\/v2\/comments?post=64622"}],"version-history":[{"count":4,"href":"https:\/\/www.sudoestehoje.com.br\/novoportal\/wp-json\/wp\/v2\/posts\/64622\/revisions"}],"predecessor-version":[{"id":64634,"href":"https:\/\/www.sudoestehoje.com.br\/novoportal\/wp-json\/wp\/v2\/posts\/64622\/revisions\/64634"}],"wp:attachment":[{"href":"https:\/\/www.sudoestehoje.com.br\/novoportal\/wp-json\/wp\/v2\/media?parent=64622"}],"wp:term":[{"taxonomy":"category","embeddable":true,"href":"https:\/\/www.sudoestehoje.com.br\/novoportal\/wp-json\/wp\/v2\/categories?post=64622"},{"taxonomy":"post_tag","embeddable":true,"href":"https:\/\/www.sudoestehoje.com.br\/novoportal\/wp-json\/wp\/v2\/tags?post=64622"}],"curies":[{"name":"wp","href":"https:\/\/api.w.org\/{rel}","templated":true}]}}