
{"id":64618,"date":"2017-03-29T17:50:12","date_gmt":"2017-03-29T20:50:12","guid":{"rendered":"http:\/\/www.sudoestehoje.com.br\/novoportal\/?p=64618"},"modified":"2017-03-29T17:50:12","modified_gmt":"2017-03-29T20:50:12","slug":"salvador-registra-4-mortes-de-macacos-infectados-por-febre-amarela","status":"publish","type":"post","link":"https:\/\/www.sudoestehoje.com.br\/novoportal\/2017\/03\/29\/salvador-registra-4-mortes-de-macacos-infectados-por-febre-amarela\/","title":{"rendered":"SALVADOR REGISTRA 4 MORTES DE MACACOS INFECTADOS POR FEBRE AMARELA"},"content":{"rendered":"<p><a href=\"http:\/\/www.sudoestehoje.com.br\/novoportal\/wp-content\/uploads\/2017\/03\/febre_amarela.jpg\"><img loading=\"lazy\" decoding=\"async\" class=\"aligncenter size-medium wp-image-64619\" src=\"http:\/\/www.sudoestehoje.com.br\/novoportal\/wp-content\/uploads\/2017\/03\/febre_amarela-500x375.jpg\" alt=\"febre_amarela\" width=\"500\" height=\"375\" srcset=\"https:\/\/www.sudoestehoje.com.br\/novoportal\/wp-content\/uploads\/2017\/03\/febre_amarela-500x375.jpg 500w, https:\/\/www.sudoestehoje.com.br\/novoportal\/wp-content\/uploads\/2017\/03\/febre_amarela.jpg 620w\" sizes=\"auto, (max-width: 500px) 100vw, 500px\" \/><\/a><\/p>\n<p>Subiu para quatro o n\u00famero de mortes de macacos infectados pelo v\u00edrus da febre amarela em Salvador, este ano. O dado foi divulgado pela Secretaria da Sa\u00fade do Estado (Sesab), na tarde desta quarta-feira (29). Na manh\u00e3 desta quarta, <a href=\"http:\/\/g1.globo.com\/bahia\/noticia\/2017\/03\/sesab-confirma-caso-de-febre-amarela-em-macaco-em-salvador.html\" target=\"_blank\">o \u00f3rg\u00e3o j\u00e1 havia confirmado o primeiro caso da doen\u00e7a em macaco na capital baiana<\/a>.<\/p>\n<p>As quatro mortes dos animais, conforme a Sesab, foram registradas nos bairros da Vila Laura, regi\u00e3o de Brotas, Itaigara, Itacaranha e S\u00e3o Tom\u00e9 de Paripe, no sub\u00farbio. O secret\u00e1rio da Sa\u00fade do munic\u00edpio, Jos\u00e9 Ant\u00f4nio Rodrigues, explicou, em coletiva realizada na tarde desta quarta, que um dos quatro macacos achados em <a class=\"premium-tip\" href=\"http:\/\/g1.globo.com\/ba\/bahia\/cidade\/salvador.html\">Salvador<\/a>, um ainda n\u00e3o \u00e9 considerado, pelo munic\u00edpio, como um caso registrado na capital, pois o animal veio de uma cidade do interior para Salvador.<\/p>\n<p>Devido \u00e0 confirma\u00e7\u00e3o dos casos, 400 mil doses extras da vacina contra a doen\u00e7a foram liberadas para a capital baiana nesta quarta-feira, com o objetivo de imunizar os cidad\u00e3os que n\u00e3o possuem duas doses registradas no cart\u00e3o de vacina\u00e7\u00e3o.<\/p>\n<p>O refor\u00e7o na imuniza\u00e7\u00e3o da popula\u00e7\u00e3o come\u00e7a na quinta-feira (30). Rodrigues ainda explicou que a expectativa \u00e9 que a Bahia receba 2,5 milh\u00f5es de doses, mas n\u00e3o detalhou quantas ser\u00e3o direcionadas para Salvador. &#8220;N\u00e3o sei quantas ficar\u00e3o na capital, mas isso ser\u00e1 decidido em breve. Vamos para uma reuni\u00e3o em Bras\u00edlia na quinta-feira para acertamos os detalhes&#8221;, explicou.<\/p>\n<p>Sobre os macacos, o secret\u00e1rio detalhou que 26 deles foram analisados. Do total, quatro confirmados. Os animais foram achados em \u00e1rea pr\u00f3ximas de mata. Rodrigues destacou que o animal n\u00e3o \u00e9 transmissor da doen\u00e7a para humanos.<\/p>\n<p>&#8220;Identificamos 26 macacos que foram achados de janeiro para c\u00e1. Alguns deles, claramente, morreram por espancamento. N\u00e3o \u00e9 o macaco que passa a doen\u00e7a para a popula\u00e7\u00e3o, quem passa \u00e9 o mosquito. O macaco \u00e9 um sentinela porque atrav\u00e9s dele ficamos sabendo que tem algo que precisamos ficar atentos na regi\u00e3o&#8221;, disse. \/\/G1<\/p>\n","protected":false},"excerpt":{"rendered":"<p>Subiu para quatro o n\u00famero de mortes de macacos infectados pelo v\u00edrus da febre amarela em Salvador, este ano. O dado foi divulgado pela Secretaria da Sa\u00fade do Estado (Sesab), na tarde desta quarta-feira (29). Na manh\u00e3 desta quarta, o \u00f3rg\u00e3o j\u00e1 havia confirmado o primeiro caso da doen\u00e7a em macaco na capital baiana. As [&hellip;]<\/p>\n","protected":false},"author":2,"featured_media":64619,"comment_status":"open","ping_status":"open","sticky":false,"template":"","format":"standard","meta":{"footnotes":"","_links_to":"","_links_to_target":""},"categories":[1],"tags":[],"class_list":["post-64618","post","type-post","status-publish","format-standard","has-post-thumbnail","hentry","category-geral"],"views":2308,"_links":{"self":[{"href":"https:\/\/www.sudoestehoje.com.br\/novoportal\/wp-json\/wp\/v2\/posts\/64618","targetHints":{"allow":["GET"]}}],"collection":[{"href":"https:\/\/www.sudoestehoje.com.br\/novoportal\/wp-json\/wp\/v2\/posts"}],"about":[{"href":"https:\/\/www.sudoestehoje.com.br\/novoportal\/wp-json\/wp\/v2\/types\/post"}],"author":[{"embeddable":true,"href":"https:\/\/www.sudoestehoje.com.br\/novoportal\/wp-json\/wp\/v2\/users\/2"}],"replies":[{"embeddable":true,"href":"https:\/\/www.sudoestehoje.com.br\/novoportal\/wp-json\/wp\/v2\/comments?post=64618"}],"version-history":[{"count":1,"href":"https:\/\/www.sudoestehoje.com.br\/novoportal\/wp-json\/wp\/v2\/posts\/64618\/revisions"}],"predecessor-version":[{"id":64620,"href":"https:\/\/www.sudoestehoje.com.br\/novoportal\/wp-json\/wp\/v2\/posts\/64618\/revisions\/64620"}],"wp:featuredmedia":[{"embeddable":true,"href":"https:\/\/www.sudoestehoje.com.br\/novoportal\/wp-json\/wp\/v2\/media\/64619"}],"wp:attachment":[{"href":"https:\/\/www.sudoestehoje.com.br\/novoportal\/wp-json\/wp\/v2\/media?parent=64618"}],"wp:term":[{"taxonomy":"category","embeddable":true,"href":"https:\/\/www.sudoestehoje.com.br\/novoportal\/wp-json\/wp\/v2\/categories?post=64618"},{"taxonomy":"post_tag","embeddable":true,"href":"https:\/\/www.sudoestehoje.com.br\/novoportal\/wp-json\/wp\/v2\/tags?post=64618"}],"curies":[{"name":"wp","href":"https:\/\/api.w.org\/{rel}","templated":true}]}}