
{"id":64615,"date":"2017-03-29T17:42:22","date_gmt":"2017-03-29T20:42:22","guid":{"rendered":"http:\/\/www.sudoestehoje.com.br\/novoportal\/?p=64615"},"modified":"2017-03-29T17:42:22","modified_gmt":"2017-03-29T20:42:22","slug":"bahia-conta-de-luz-tera-reducao-media-de-1546-no-mes-de-abril","status":"publish","type":"post","link":"https:\/\/www.sudoestehoje.com.br\/novoportal\/2017\/03\/29\/bahia-conta-de-luz-tera-reducao-media-de-1546-no-mes-de-abril\/","title":{"rendered":"BAHIA: CONTA DE LUZ TER\u00c1 REDU\u00c7\u00c3O M\u00c9DIA DE 15,46% NO M\u00caS DE ABRIL"},"content":{"rendered":"<p><a href=\"http:\/\/www.sudoestehoje.com.br\/novoportal\/wp-content\/uploads\/2017\/03\/CONTA-DE-LUZ.jpg\"><img loading=\"lazy\" decoding=\"async\" class=\"aligncenter size-medium wp-image-64616\" src=\"http:\/\/www.sudoestehoje.com.br\/novoportal\/wp-content\/uploads\/2017\/03\/CONTA-DE-LUZ-500x281.jpg\" alt=\"CONTA DE LUZ\" width=\"500\" height=\"281\" srcset=\"https:\/\/www.sudoestehoje.com.br\/novoportal\/wp-content\/uploads\/2017\/03\/CONTA-DE-LUZ-500x281.jpg 500w, https:\/\/www.sudoestehoje.com.br\/novoportal\/wp-content\/uploads\/2017\/03\/CONTA-DE-LUZ.jpg 540w\" sizes=\"auto, (max-width: 500px) 100vw, 500px\" \/><\/a><\/p>\n<p>A conta de luz ser\u00e1 reduzida, em m\u00e9dia 15,46% na Bahia no m\u00eas de abril para consumidores residenciais, de acordo com comunicado da Companhia de Energia El\u00e9trica da Bahia (Coelba). A redu\u00e7\u00e3o tarif\u00e1ria, sem considerar os tributos, ser\u00e1 de R$ 6,65 a cada 100 kWh consumidos.<\/p>\n<p>A medida de redu\u00e7\u00e3o na tarifa de energia foi determinada pela Ag\u00eancia Nacional de Energia El\u00e9trica (Aneel), na ter\u00e7a-feira (28), para compensar os consumidores pela cobran\u00e7a indevida de um encargo voltado a remunerar a usina de Angra 3, no Rio de Janeiro.<\/p>\n<p>Conforme a Coelba, a percep\u00e7\u00e3o da redu\u00e7\u00e3o tarif\u00e1ria nas faturas dos consumidores se dar\u00e1 de acordo com os ciclos de leitura e faturamento de cada um, sendo que, em geral, ser\u00e1 completada em dois meses.<\/p>\n<p>Por exemplo, se um cliente que teve o consumo aferido entre os dias 21 de mar\u00e7o e 20 de abril, ter\u00e1 10 dias com a tarifa vigente em mar\u00e7o e 20 dias com a nova tarifa reduzida. Na conta do m\u00eas seguinte, o consumidor perceber\u00e1 uma redu\u00e7\u00e3o proporcional no valor referente aos demais 10 dias de abril com tarifa ajustada.<\/p>\n","protected":false},"excerpt":{"rendered":"<p>A conta de luz ser\u00e1 reduzida, em m\u00e9dia 15,46% na Bahia no m\u00eas de abril para consumidores residenciais, de acordo com comunicado da Companhia de Energia El\u00e9trica da Bahia (Coelba). A redu\u00e7\u00e3o tarif\u00e1ria, sem considerar os tributos, ser\u00e1 de R$ 6,65 a cada 100 kWh consumidos. A medida de redu\u00e7\u00e3o na tarifa de energia foi [&hellip;]<\/p>\n","protected":false},"author":2,"featured_media":64616,"comment_status":"open","ping_status":"open","sticky":false,"template":"","format":"standard","meta":{"footnotes":"","_links_to":"","_links_to_target":""},"categories":[1],"tags":[],"class_list":["post-64615","post","type-post","status-publish","format-standard","has-post-thumbnail","hentry","category-geral"],"views":2335,"_links":{"self":[{"href":"https:\/\/www.sudoestehoje.com.br\/novoportal\/wp-json\/wp\/v2\/posts\/64615","targetHints":{"allow":["GET"]}}],"collection":[{"href":"https:\/\/www.sudoestehoje.com.br\/novoportal\/wp-json\/wp\/v2\/posts"}],"about":[{"href":"https:\/\/www.sudoestehoje.com.br\/novoportal\/wp-json\/wp\/v2\/types\/post"}],"author":[{"embeddable":true,"href":"https:\/\/www.sudoestehoje.com.br\/novoportal\/wp-json\/wp\/v2\/users\/2"}],"replies":[{"embeddable":true,"href":"https:\/\/www.sudoestehoje.com.br\/novoportal\/wp-json\/wp\/v2\/comments?post=64615"}],"version-history":[{"count":1,"href":"https:\/\/www.sudoestehoje.com.br\/novoportal\/wp-json\/wp\/v2\/posts\/64615\/revisions"}],"predecessor-version":[{"id":64617,"href":"https:\/\/www.sudoestehoje.com.br\/novoportal\/wp-json\/wp\/v2\/posts\/64615\/revisions\/64617"}],"wp:featuredmedia":[{"embeddable":true,"href":"https:\/\/www.sudoestehoje.com.br\/novoportal\/wp-json\/wp\/v2\/media\/64616"}],"wp:attachment":[{"href":"https:\/\/www.sudoestehoje.com.br\/novoportal\/wp-json\/wp\/v2\/media?parent=64615"}],"wp:term":[{"taxonomy":"category","embeddable":true,"href":"https:\/\/www.sudoestehoje.com.br\/novoportal\/wp-json\/wp\/v2\/categories?post=64615"},{"taxonomy":"post_tag","embeddable":true,"href":"https:\/\/www.sudoestehoje.com.br\/novoportal\/wp-json\/wp\/v2\/tags?post=64615"}],"curies":[{"name":"wp","href":"https:\/\/api.w.org\/{rel}","templated":true}]}}