
{"id":64605,"date":"2017-03-28T21:44:39","date_gmt":"2017-03-29T00:44:39","guid":{"rendered":"http:\/\/www.sudoestehoje.com.br\/novoportal\/?p=64605"},"modified":"2017-03-28T21:44:39","modified_gmt":"2017-03-29T00:44:39","slug":"itapetinga-pedro-tavares-rodrigo-hagge-e-comissao-se-reunem-com-secretario-da-agricultura-vitor-bomfim","status":"publish","type":"post","link":"https:\/\/www.sudoestehoje.com.br\/novoportal\/2017\/03\/28\/itapetinga-pedro-tavares-rodrigo-hagge-e-comissao-se-reunem-com-secretario-da-agricultura-vitor-bomfim\/","title":{"rendered":"ITAPETINGA: PEDRO TAVARES, RODRIGO HAGGE E COMISS\u00c3O SE RE\u00daNEM COM SECRET\u00c1RIO DA AGRICULTURA VITOR BOMFIM"},"content":{"rendered":"<div><img loading=\"lazy\" decoding=\"async\" class=\"\" src=\"https:\/\/scontent-gru2-1.xx.fbcdn.net\/v\/t1.0-9\/17554238_1330651030359628_3847857496877044971_n.jpg?oh=76c1711f32cb59d174f3ba718fd974a2&amp;oe=59645EBC\" alt=\"A imagem pode conter: 6 pessoas, pessoas em p\u00e9 e \u00e1rea interna\" width=\"500\" height=\"375\" \/><\/div>\n<div id=\"yui_3_16_0_1_1490742262625_12024\"><span id=\"yui_3_16_0_1_1490742262625_12025\" style=\"font-family: tahoma, sans-serif;\">O deputado estadual Pedro Tavares (PMDB) e o secret\u00e1rio estadual de Agricultura, Vitor Bonfim, se reuniram nesta ter\u00e7a-feira, 27, com o prefeito de Itapetinga, Rodrigo Hagge, e com integrantes da comiss\u00e3o respons\u00e1vel por enviar relat\u00f3rios e fazer amplas negocia\u00e7\u00f5es em rela\u00e7\u00e3o a seca que assola no munic\u00edpio. <\/span><span id=\"yui_3_16_0_1_1490742262625_12025\" style=\"font-family: tahoma, sans-serif;\">O grupo \u00e9 formado pelo representante dos produtores rurais, Caio Aguiar; M\u00e1rcio Pedreira, representante da Uesb; Marcelo Ferraz, representante do Sindicato Rural e Murilo Cardoso, representante das cooperativas.\u00a0<\/span><\/div>\n<div id=\"yui_3_16_0_1_1490742262625_12026\"><span style=\"font-family: tahoma, sans-serif;\">\u00a0<\/span><\/div>\n<div id=\"yui_3_16_0_1_1490742262625_12022\"><span id=\"yui_3_16_0_1_1490742262625_12021\" style=\"font-family: tahoma, sans-serif;\">No encontro, as lideran\u00e7as discutiram os preju\u00edzos causados pela estiagem e a\u00e7\u00f5es a serem realizadas no intuito de minimizar os efeitos da seca. Al\u00e9m disso, trataram tamb\u00e9m sobre a renegocia\u00e7\u00e3o das d\u00edvidas dos produtores. Com base nisso, foi agendada para pr\u00f3xima quinta-feira, dia 30, uma reuni\u00e3o do titular da Seagri com a Superintend\u00eancia Regional do Banco do Brasil. O secret\u00e1rio Vitor Bonfim estar\u00e1 acompanhado do prefeito Rodrigo Hagge para discutir a quest\u00e3o da prorroga\u00e7\u00e3o das d\u00edvidas. \/\/Ascom<\/span><\/div>\n","protected":false},"excerpt":{"rendered":"<p>O deputado estadual Pedro Tavares (PMDB) e o secret\u00e1rio estadual de Agricultura, Vitor Bonfim, se reuniram nesta ter\u00e7a-feira, 27, com o prefeito de Itapetinga, Rodrigo Hagge, e com integrantes da comiss\u00e3o respons\u00e1vel por enviar relat\u00f3rios e fazer amplas negocia\u00e7\u00f5es em rela\u00e7\u00e3o a seca que assola no munic\u00edpio. O grupo \u00e9 formado pelo representante dos produtores [&hellip;]<\/p>\n","protected":false},"author":2,"featured_media":0,"comment_status":"open","ping_status":"open","sticky":false,"template":"","format":"standard","meta":{"footnotes":"","_links_to":"","_links_to_target":""},"categories":[1],"tags":[],"class_list":["post-64605","post","type-post","status-publish","format-standard","hentry","category-geral"],"views":1067,"_links":{"self":[{"href":"https:\/\/www.sudoestehoje.com.br\/novoportal\/wp-json\/wp\/v2\/posts\/64605","targetHints":{"allow":["GET"]}}],"collection":[{"href":"https:\/\/www.sudoestehoje.com.br\/novoportal\/wp-json\/wp\/v2\/posts"}],"about":[{"href":"https:\/\/www.sudoestehoje.com.br\/novoportal\/wp-json\/wp\/v2\/types\/post"}],"author":[{"embeddable":true,"href":"https:\/\/www.sudoestehoje.com.br\/novoportal\/wp-json\/wp\/v2\/users\/2"}],"replies":[{"embeddable":true,"href":"https:\/\/www.sudoestehoje.com.br\/novoportal\/wp-json\/wp\/v2\/comments?post=64605"}],"version-history":[{"count":3,"href":"https:\/\/www.sudoestehoje.com.br\/novoportal\/wp-json\/wp\/v2\/posts\/64605\/revisions"}],"predecessor-version":[{"id":64609,"href":"https:\/\/www.sudoestehoje.com.br\/novoportal\/wp-json\/wp\/v2\/posts\/64605\/revisions\/64609"}],"wp:attachment":[{"href":"https:\/\/www.sudoestehoje.com.br\/novoportal\/wp-json\/wp\/v2\/media?parent=64605"}],"wp:term":[{"taxonomy":"category","embeddable":true,"href":"https:\/\/www.sudoestehoje.com.br\/novoportal\/wp-json\/wp\/v2\/categories?post=64605"},{"taxonomy":"post_tag","embeddable":true,"href":"https:\/\/www.sudoestehoje.com.br\/novoportal\/wp-json\/wp\/v2\/tags?post=64605"}],"curies":[{"name":"wp","href":"https:\/\/api.w.org\/{rel}","templated":true}]}}