
{"id":646,"date":"2010-09-27T18:20:30","date_gmt":"2010-09-27T21:20:30","guid":{"rendered":"http:\/\/sudoestehoje.tempsite.ws\/novoportal\/?p=646"},"modified":"2010-09-27T18:34:44","modified_gmt":"2010-09-27T21:34:44","slug":"so-um-segundo-turno-salva-geddel","status":"publish","type":"post","link":"https:\/\/www.sudoestehoje.com.br\/novoportal\/2010\/09\/27\/so-um-segundo-turno-salva-geddel\/","title":{"rendered":"S\u00f3 um segundo turno salva Geddel"},"content":{"rendered":"<p style=\"text-align: center;\"><img decoding=\"async\" class=\"aligncenter\" src=\"http:\/\/4.bp.blogspot.com\/_vUOcWuSsxyQ\/StYyobuisCI\/AAAAAAAAIAI\/S3UIs1M6PN0\/s400\/Lula_dilma_geddel.jpg\" alt=\"\" \/><\/p>\n<p style=\"text-align: center;\">Lula e Dilma descartaram Geddel na reta final<\/p>\n<p>\u00a0<\/p>\n<p>A manifesta prefer\u00eancia da candidata Dilma Rousseff por seu &#8216;companheiro&#8217; Jaques Wagner, desencadeou uma rea\u00e7\u00e3o entre os peemebistas de todo o Estado, que n\u00e3o se conformam com a &#8220;trai\u00e7\u00e3o&#8221; da afilhada de Lula, bem na hora da &#8216;on\u00e7a beber \u00e1gua&#8217;. Embora Geddel negue o rompimento, a sua \u00fanica sa\u00edda ser\u00e1 um segundo turno na elei\u00e7\u00e3o presidencial, o que valorizar\u00e1 o seu passe junto ao grupo palaciano, evitando que os seus desafetos locais do PT\u00a0 o destrocem, antes mesmo do fim do governo de Lula. Isto ser\u00e1 inevit\u00e1vel, caso a fatura seja liquidada no primeiro turno,\u00a0fazendo ganhar corpo, entre os gedelistas, a tese de abandonar Dilma e debandar para Serra e Marina, nesta reta final.<\/p>\n<p>A revolta entre os peemedebistas \u00e9 tamanha, que em uma carreata do PMDB realizada\u00a0m Itabuna, n\u00e3o havia mais nenhum adesivo ou plotagem de Dilma nos quase 2 mil ve\u00edculos que acompanhavam a caravana de Geddel.<\/p>\n<p>O sinal de alerta j\u00e1 &#8216;piscou&#8217; em Brasilia e o pr\u00f3prio Michel Temer, candidato\u00a0a vice na chapa de Dilma, vem \u00e0 Bahia nesta ter\u00e7a-feira, para almo\u00e7ar com Geddel e tentar remov\u00ea-lo da id\u00e9ia de &#8216;abandonar o barco&#8217;. Geddel deve\u00a0reafirmar o apoio a Dilma, \u00a0&#8217;em aten\u00e7\u00e3o&#8217; ao amigo Temer, mas certamente deixar\u00e1 os seus\u00a0correligion\u00e1rios \u00e0 vontade para votarem em quem quiserem, at\u00e9 porque\u00a0as lideran\u00e7as interioranas que o apoiam n\u00e3o suportam mais ouvir falar\u00a0em Dilma e Lula.<\/p>\n<p>Se esta tend\u00eancia se confirmar, o que \u00e9 muito prov\u00e1vel, a Bahia pode dar a Serra e Marina os votos que faltam para levar um dos dois a um sonhado\u00a0segundo turno, o que dar\u00e1 precioso tempo ao &#8216;apressado&#8217; Geddel, para negociar uma saida honrosa, na inevit\u00e1vel derrota que sofrer\u00e1 na Bahia. V\u00e3o-se os an\u00e9is, ficam os dedos&#8230;<\/p>\n<p>Davi Ferraz &#8211; Editor<\/p>\n","protected":false},"excerpt":{"rendered":"<p>Lula e Dilma descartaram Geddel na reta final \u00a0 A manifesta prefer\u00eancia da candidata Dilma Rousseff por seu &#8216;companheiro&#8217; Jaques Wagner, desencadeou uma rea\u00e7\u00e3o entre os peemebistas de todo o Estado, que n\u00e3o se conformam com a &#8220;trai\u00e7\u00e3o&#8221; da afilhada de Lula, bem na hora da &#8216;on\u00e7a beber \u00e1gua&#8217;. Embora Geddel negue o rompimento, a [&hellip;]<\/p>\n","protected":false},"author":2,"featured_media":0,"comment_status":"open","ping_status":"open","sticky":false,"template":"","format":"standard","meta":{"footnotes":"","_links_to":"","_links_to_target":""},"categories":[14],"tags":[],"class_list":["post-646","post","type-post","status-publish","format-standard","hentry","category-bahia"],"views":1985,"_links":{"self":[{"href":"https:\/\/www.sudoestehoje.com.br\/novoportal\/wp-json\/wp\/v2\/posts\/646","targetHints":{"allow":["GET"]}}],"collection":[{"href":"https:\/\/www.sudoestehoje.com.br\/novoportal\/wp-json\/wp\/v2\/posts"}],"about":[{"href":"https:\/\/www.sudoestehoje.com.br\/novoportal\/wp-json\/wp\/v2\/types\/post"}],"author":[{"embeddable":true,"href":"https:\/\/www.sudoestehoje.com.br\/novoportal\/wp-json\/wp\/v2\/users\/2"}],"replies":[{"embeddable":true,"href":"https:\/\/www.sudoestehoje.com.br\/novoportal\/wp-json\/wp\/v2\/comments?post=646"}],"version-history":[{"count":6,"href":"https:\/\/www.sudoestehoje.com.br\/novoportal\/wp-json\/wp\/v2\/posts\/646\/revisions"}],"predecessor-version":[{"id":648,"href":"https:\/\/www.sudoestehoje.com.br\/novoportal\/wp-json\/wp\/v2\/posts\/646\/revisions\/648"}],"wp:attachment":[{"href":"https:\/\/www.sudoestehoje.com.br\/novoportal\/wp-json\/wp\/v2\/media?parent=646"}],"wp:term":[{"taxonomy":"category","embeddable":true,"href":"https:\/\/www.sudoestehoje.com.br\/novoportal\/wp-json\/wp\/v2\/categories?post=646"},{"taxonomy":"post_tag","embeddable":true,"href":"https:\/\/www.sudoestehoje.com.br\/novoportal\/wp-json\/wp\/v2\/tags?post=646"}],"curies":[{"name":"wp","href":"https:\/\/api.w.org\/{rel}","templated":true}]}}