
{"id":64598,"date":"2017-03-28T20:27:21","date_gmt":"2017-03-28T23:27:21","guid":{"rendered":"http:\/\/www.sudoestehoje.com.br\/novoportal\/?p=64598"},"modified":"2017-03-28T20:45:26","modified_gmt":"2017-03-28T23:45:26","slug":"64598","status":"publish","type":"post","link":"https:\/\/www.sudoestehoje.com.br\/novoportal\/2017\/03\/28\/64598\/","title":{"rendered":"ITAPETINGA: MULHER \u00c9 AMARRADA E TEM SEU VE\u00cdCULO ROUBADO NA VILA ISABEL"},"content":{"rendered":"<p><a href=\"http:\/\/www.sudoestehoje.com.br\/novoportal\/wp-content\/uploads\/2017\/03\/carro-1.jpg\"><img loading=\"lazy\" decoding=\"async\" class=\"aligncenter wp-image-64600\" src=\"http:\/\/www.sudoestehoje.com.br\/novoportal\/wp-content\/uploads\/2017\/03\/carro-1-500x352.jpg\" alt=\"carro\" width=\"501\" height=\"353\" srcset=\"https:\/\/www.sudoestehoje.com.br\/novoportal\/wp-content\/uploads\/2017\/03\/carro-1-500x352.jpg 500w, https:\/\/www.sudoestehoje.com.br\/novoportal\/wp-content\/uploads\/2017\/03\/carro-1.jpg 539w\" sizes=\"auto, (max-width: 501px) 100vw, 501px\" \/><\/a><\/p>\n<p>No in\u00edcio da noite desta segunda-feira (27), uma moradora do bairro Vila Isabel teve o seu carro tomado \u00e0 for\u00e7a por assaltantes, quando se preparava para sair de casa com o seu ve\u00edculo, um\u00a0Volkswagen Fox, cor prata, de placa policial NTO- 2005.<\/p>\n<p>Segundo informa\u00e7\u00f5es da v\u00edtima, os assaltantes fizeram v\u00e1rias amea\u00e7as e a levaram amarrada at\u00e9 \u00e0s imedia\u00e7\u00f5es do Motel Mirage, deixando-a numa estrada vicinal conhecida como &#8216;Estrada de Dona Nan\u00e1&#8217;. em Itapetinga.\u00a0A v\u00edtima conseguiu se soltar, pediu ajuda e foi \u00e0 delegacia registrar boletim de ocorr\u00eancia.<\/p>\n<p>O carro foi visto pela \u00faltima vez sendo abastecido no Posto \u00c1guia, no trevo que liga Itapetinga a Macarani.<\/p>\n<p>Qualquer informa\u00e7\u00e3o sobre o paradeiro do ve\u00edculo, favor entrar em contato pelos fones:\u00a077 98162 4903 \/ 3221 7582\u00a0 98128 5537.<\/p>\n","protected":false},"excerpt":{"rendered":"<p>No in\u00edcio da noite desta segunda-feira (27), uma moradora do bairro Vila Isabel teve o seu carro tomado \u00e0 for\u00e7a por assaltantes, quando se preparava para sair de casa com o seu ve\u00edculo, um\u00a0Volkswagen Fox, cor prata, de placa policial NTO- 2005. Segundo informa\u00e7\u00f5es da v\u00edtima, os assaltantes fizeram v\u00e1rias amea\u00e7as e a levaram amarrada [&hellip;]<\/p>\n","protected":false},"author":2,"featured_media":64599,"comment_status":"open","ping_status":"open","sticky":false,"template":"","format":"standard","meta":{"footnotes":"","_links_to":"","_links_to_target":""},"categories":[1],"tags":[],"class_list":["post-64598","post","type-post","status-publish","format-standard","has-post-thumbnail","hentry","category-geral"],"views":2664,"_links":{"self":[{"href":"https:\/\/www.sudoestehoje.com.br\/novoportal\/wp-json\/wp\/v2\/posts\/64598","targetHints":{"allow":["GET"]}}],"collection":[{"href":"https:\/\/www.sudoestehoje.com.br\/novoportal\/wp-json\/wp\/v2\/posts"}],"about":[{"href":"https:\/\/www.sudoestehoje.com.br\/novoportal\/wp-json\/wp\/v2\/types\/post"}],"author":[{"embeddable":true,"href":"https:\/\/www.sudoestehoje.com.br\/novoportal\/wp-json\/wp\/v2\/users\/2"}],"replies":[{"embeddable":true,"href":"https:\/\/www.sudoestehoje.com.br\/novoportal\/wp-json\/wp\/v2\/comments?post=64598"}],"version-history":[{"count":4,"href":"https:\/\/www.sudoestehoje.com.br\/novoportal\/wp-json\/wp\/v2\/posts\/64598\/revisions"}],"predecessor-version":[{"id":64604,"href":"https:\/\/www.sudoestehoje.com.br\/novoportal\/wp-json\/wp\/v2\/posts\/64598\/revisions\/64604"}],"wp:featuredmedia":[{"embeddable":true,"href":"https:\/\/www.sudoestehoje.com.br\/novoportal\/wp-json\/wp\/v2\/media\/64599"}],"wp:attachment":[{"href":"https:\/\/www.sudoestehoje.com.br\/novoportal\/wp-json\/wp\/v2\/media?parent=64598"}],"wp:term":[{"taxonomy":"category","embeddable":true,"href":"https:\/\/www.sudoestehoje.com.br\/novoportal\/wp-json\/wp\/v2\/categories?post=64598"},{"taxonomy":"post_tag","embeddable":true,"href":"https:\/\/www.sudoestehoje.com.br\/novoportal\/wp-json\/wp\/v2\/tags?post=64598"}],"curies":[{"name":"wp","href":"https:\/\/api.w.org\/{rel}","templated":true}]}}