
{"id":64594,"date":"2017-03-28T19:34:00","date_gmt":"2017-03-28T22:34:00","guid":{"rendered":"http:\/\/www.sudoestehoje.com.br\/novoportal\/?p=64594"},"modified":"2017-03-28T19:34:00","modified_gmt":"2017-03-28T22:34:00","slug":"comarca-de-itapetinga-esta-sem-juiz-titular-ha-quase-um-ano-reclama-oab","status":"publish","type":"post","link":"https:\/\/www.sudoestehoje.com.br\/novoportal\/2017\/03\/28\/comarca-de-itapetinga-esta-sem-juiz-titular-ha-quase-um-ano-reclama-oab\/","title":{"rendered":"COMARCA DE ITAPETINGA EST\u00c1 SEM JUIZ TITULAR H\u00c1 QUASE UM ANO, RECLAMA OAB"},"content":{"rendered":"<p><a href=\"http:\/\/www.sudoestehoje.com.br\/novoportal\/wp-content\/uploads\/2017\/03\/forum_itapetinga.jpg\"><img loading=\"lazy\" decoding=\"async\" class=\"aligncenter  wp-image-64595\" src=\"http:\/\/www.sudoestehoje.com.br\/novoportal\/wp-content\/uploads\/2017\/03\/forum_itapetinga.jpg\" alt=\"forum_itapetinga\" width=\"499\" height=\"374\" \/><\/a><\/p>\n<p>Cerca de 40 mil processos est\u00e3o praticamente parados na Justi\u00e7a de Itapetinga, regi\u00e3o sudoeste da Bahia, porque a cidade est\u00e1 sem juiz titular desde julho de 2016. A situa\u00e7\u00e3o \u00e9 parecida na cidade de Itamb\u00e9, cidade localizada tamb\u00e9m no sudoeste do estado, que est\u00e1 sem juiz titular h\u00e1 cerca de dois anos. O problema preocupa moradores e advogados das duas cidades.<\/p>\n<p>O assessor da presid\u00eancia do Tribunal de Justi\u00e7a explicou que foi aberto um edital, com prazo para maio, a fim de promover de cerca de 70 ju\u00edzes para comarcas de todo o estado, entre elas de Itapetinga. Ainda n\u00e3o h\u00e1 previs\u00e3o de chegada de ju\u00edzes titulares em Itamb\u00e9, porque depende da realiza\u00e7\u00e3o de outro edital. N\u00e3o foi informado o n\u00famero de processos parados em Itamb\u00e9.<\/p>\n<p>Para a popula\u00e7\u00e3o n\u00e3o ficar ainda mais prejudicada, ju\u00edzes de cidades como Jequi\u00e9, Ibicu\u00ed, Itarantim e at\u00e9 mesmo Salvador precisam ir a Iitapetinga durante alguns dias da semana, mas ainda assim, muitos processos ficam parados.<\/p>\n<p>A dona de casa Edilene Ferreira est\u00e1 h\u00e1 13 anos com um processo parado na Justi\u00e7a de Itapetinga.\u00a0Ela moveu uma a\u00e7\u00e3o contra o munic\u00edpio depois de um acidente com a filha dentro de uma escola, mas a causa n\u00e3o foi julgada. <em>\u201cH\u00e1 13 anos, aguardo o resultado desse processo da minha filha que perdeu a vis\u00e3o na escola e, at\u00e9 o momento, nada foi feito\u201d,<\/em> reclama.<span id=\"more-178208\"><\/span><\/p>\n<p>A situa\u00e7\u00e3o \u00e9 acompanhada pela Ordem dos Advogados no munic\u00edpio. Um grupo de advogados tem se reunido frequentemente para discutir o problema. <em>\u201cEst\u00e1vamos com quatro ju\u00edzes at\u00e9 julho do ano passado, perdemos todos os magistrados por promo\u00e7\u00e3o e ficamos com todo o acervo parado\u201d<\/em>, diz o presidente da OAB na cidade, Fabricio Moreira. Informa\u00e7\u00f5es do G1.<\/p>\n","protected":false},"excerpt":{"rendered":"<p>Cerca de 40 mil processos est\u00e3o praticamente parados na Justi\u00e7a de Itapetinga, regi\u00e3o sudoeste da Bahia, porque a cidade est\u00e1 sem juiz titular desde julho de 2016. A situa\u00e7\u00e3o \u00e9 parecida na cidade de Itamb\u00e9, cidade localizada tamb\u00e9m no sudoeste do estado, que est\u00e1 sem juiz titular h\u00e1 cerca de dois anos. O problema preocupa [&hellip;]<\/p>\n","protected":false},"author":2,"featured_media":64595,"comment_status":"open","ping_status":"open","sticky":false,"template":"","format":"standard","meta":{"footnotes":"","_links_to":"","_links_to_target":""},"categories":[1],"tags":[],"class_list":["post-64594","post","type-post","status-publish","format-standard","has-post-thumbnail","hentry","category-geral"],"views":1575,"_links":{"self":[{"href":"https:\/\/www.sudoestehoje.com.br\/novoportal\/wp-json\/wp\/v2\/posts\/64594","targetHints":{"allow":["GET"]}}],"collection":[{"href":"https:\/\/www.sudoestehoje.com.br\/novoportal\/wp-json\/wp\/v2\/posts"}],"about":[{"href":"https:\/\/www.sudoestehoje.com.br\/novoportal\/wp-json\/wp\/v2\/types\/post"}],"author":[{"embeddable":true,"href":"https:\/\/www.sudoestehoje.com.br\/novoportal\/wp-json\/wp\/v2\/users\/2"}],"replies":[{"embeddable":true,"href":"https:\/\/www.sudoestehoje.com.br\/novoportal\/wp-json\/wp\/v2\/comments?post=64594"}],"version-history":[{"count":2,"href":"https:\/\/www.sudoestehoje.com.br\/novoportal\/wp-json\/wp\/v2\/posts\/64594\/revisions"}],"predecessor-version":[{"id":64597,"href":"https:\/\/www.sudoestehoje.com.br\/novoportal\/wp-json\/wp\/v2\/posts\/64594\/revisions\/64597"}],"wp:featuredmedia":[{"embeddable":true,"href":"https:\/\/www.sudoestehoje.com.br\/novoportal\/wp-json\/wp\/v2\/media\/64595"}],"wp:attachment":[{"href":"https:\/\/www.sudoestehoje.com.br\/novoportal\/wp-json\/wp\/v2\/media?parent=64594"}],"wp:term":[{"taxonomy":"category","embeddable":true,"href":"https:\/\/www.sudoestehoje.com.br\/novoportal\/wp-json\/wp\/v2\/categories?post=64594"},{"taxonomy":"post_tag","embeddable":true,"href":"https:\/\/www.sudoestehoje.com.br\/novoportal\/wp-json\/wp\/v2\/tags?post=64594"}],"curies":[{"name":"wp","href":"https:\/\/api.w.org\/{rel}","templated":true}]}}