
{"id":64574,"date":"2017-03-27T18:43:54","date_gmt":"2017-03-27T21:43:54","guid":{"rendered":"http:\/\/www.sudoestehoje.com.br\/novoportal\/?p=64574"},"modified":"2017-03-27T19:32:45","modified_gmt":"2017-03-27T22:32:45","slug":"pedro-tavares-comemora-entrega-de-nova-ambulancia-do-samu-para-itapetinga","status":"publish","type":"post","link":"https:\/\/www.sudoestehoje.com.br\/novoportal\/2017\/03\/27\/pedro-tavares-comemora-entrega-de-nova-ambulancia-do-samu-para-itapetinga\/","title":{"rendered":"PEDRO TAVARES COMEMORA ENTREGA DE NOVA AMBUL\u00c2NCIA DO SAMU PARA ITAPETINGA"},"content":{"rendered":"<p><img loading=\"lazy\" decoding=\"async\" class=\"\" src=\"https:\/\/scontent.fsdu7-1.fna.fbcdn.net\/v\/t1.0-9\/17523243_1938041743098462_6966819437804134131_n.jpg?oh=e76e92402395b2d0118b6dd32e8a7144&amp;oe=59983489\" alt=\"A imagem pode conter: 2 pessoas, pessoas sorrindo, pessoas em p\u00e9, carro e atividades ao ar livre\" width=\"501\" height=\"376\" \/><\/p>\n<p>A cidade de Itapetinga recebeu nesta segunda-feira, 27, uma nova ambul\u00e2ncia do Servi\u00e7o de Atendimento M\u00f3vel de Urg\u00eancia (SAMU 192), do governo federal.<\/p>\n<p>Junto ao prefeito do munic\u00edpio, Rodrigo Hagge, o deputado estadual Pedro Tavares (PMDB) comemorou a nova aquisi\u00e7\u00e3o e destacou a articula\u00e7\u00e3o do deputado federal L\u00facio Vieira Lima (PMDB), que foi fundamental para entrega da ambul\u00e2ncia.<\/p>\n<p>Segundo Tavares, o novo equipamento vai contribuir de forma significativa no atendimento de sa\u00fade \u00e0 popula\u00e7\u00e3o.<em>\u00a0&#8220;A administra\u00e7\u00e3o municipal tem feito sua parte, mesmo recebendo a cidade com s\u00e9rias dificuldades. Em apenas dois meses e meio, a Prefeitura tem colocado a casa em ordem. Tenho certeza que o excelente trabalho que vem sendo exercido render\u00e1 bons frutos aos moradores de Itapetinga&#8221;<\/em>, declarou o parlamentar. \/\/Ascom<\/p>\n","protected":false},"excerpt":{"rendered":"<p>A cidade de Itapetinga recebeu nesta segunda-feira, 27, uma nova ambul\u00e2ncia do Servi\u00e7o de Atendimento M\u00f3vel de Urg\u00eancia (SAMU 192), do governo federal. Junto ao prefeito do munic\u00edpio, Rodrigo Hagge, o deputado estadual Pedro Tavares (PMDB) comemorou a nova aquisi\u00e7\u00e3o e destacou a articula\u00e7\u00e3o do deputado federal L\u00facio Vieira Lima (PMDB), que foi fundamental para [&hellip;]<\/p>\n","protected":false},"author":2,"featured_media":0,"comment_status":"open","ping_status":"open","sticky":false,"template":"","format":"standard","meta":{"footnotes":"","_links_to":"","_links_to_target":""},"categories":[1],"tags":[],"class_list":["post-64574","post","type-post","status-publish","format-standard","hentry","category-geral"],"views":1198,"_links":{"self":[{"href":"https:\/\/www.sudoestehoje.com.br\/novoportal\/wp-json\/wp\/v2\/posts\/64574","targetHints":{"allow":["GET"]}}],"collection":[{"href":"https:\/\/www.sudoestehoje.com.br\/novoportal\/wp-json\/wp\/v2\/posts"}],"about":[{"href":"https:\/\/www.sudoestehoje.com.br\/novoportal\/wp-json\/wp\/v2\/types\/post"}],"author":[{"embeddable":true,"href":"https:\/\/www.sudoestehoje.com.br\/novoportal\/wp-json\/wp\/v2\/users\/2"}],"replies":[{"embeddable":true,"href":"https:\/\/www.sudoestehoje.com.br\/novoportal\/wp-json\/wp\/v2\/comments?post=64574"}],"version-history":[{"count":4,"href":"https:\/\/www.sudoestehoje.com.br\/novoportal\/wp-json\/wp\/v2\/posts\/64574\/revisions"}],"predecessor-version":[{"id":64580,"href":"https:\/\/www.sudoestehoje.com.br\/novoportal\/wp-json\/wp\/v2\/posts\/64574\/revisions\/64580"}],"wp:attachment":[{"href":"https:\/\/www.sudoestehoje.com.br\/novoportal\/wp-json\/wp\/v2\/media?parent=64574"}],"wp:term":[{"taxonomy":"category","embeddable":true,"href":"https:\/\/www.sudoestehoje.com.br\/novoportal\/wp-json\/wp\/v2\/categories?post=64574"},{"taxonomy":"post_tag","embeddable":true,"href":"https:\/\/www.sudoestehoje.com.br\/novoportal\/wp-json\/wp\/v2\/tags?post=64574"}],"curies":[{"name":"wp","href":"https:\/\/api.w.org\/{rel}","templated":true}]}}