
{"id":6456,"date":"2011-07-06T19:47:24","date_gmt":"2011-07-06T22:47:24","guid":{"rendered":"http:\/\/www.sudoestehoje.com.br\/novoportal\/?p=6456"},"modified":"2011-07-06T19:47:24","modified_gmt":"2011-07-06T22:47:24","slug":"cai-o-ministro-dos-transportes","status":"publish","type":"post","link":"https:\/\/www.sudoestehoje.com.br\/novoportal\/2011\/07\/06\/cai-o-ministro-dos-transportes\/","title":{"rendered":"CAI O MINISTRO DOS TRANSPORTES"},"content":{"rendered":"<div id=\"overlay\" style=\"text-align: center;\"><a href=\"http:\/\/oglobo.globo.com\/pais\/mat\/2011\/07\/06\/alfredo-nascimento-entrega-carta-de-demissao-dilma-governo-manda-pf-investigar-denuncias-924848479.asp#\"><img loading=\"lazy\" decoding=\"async\" id=\"loadingImage\" src=\"http:\/\/oglobo.globo.com\/_img\/img_hj_loading.gif\" border=\"0\" alt=\"\" width=\"1\" height=\"1\" \/><\/a><\/div>\n<div id=\"lightbox\" style=\"text-align: center;\"><a title=\"Clique para fechar\" href=\"http:\/\/oglobo.globo.com\/pais\/mat\/2011\/07\/06\/alfredo-nascimento-entrega-carta-de-demissao-dilma-governo-manda-pf-investigar-denuncias-924848479.asp#\"><img loading=\"lazy\" decoding=\"async\" id=\"lightboxImage\" src=\"http:\/\/oglobo.globo.com\/fotos\/2011\/07\/04\/04_MHG_Alfredo%20Nascimento.jpg\" alt=\"\" width=\"443\" height=\"266\" \/><\/a><\/div>\n<p>A corrup\u00e7\u00e3o derrubou, afinal, o ministro dos Transportes, Alfredo Nascimento, do PR. O ministro, que se equilibrava com dificuldades no cargo, n\u00e3o resistiu \u00e0s den\u00fancias da imprensa, produzidas nos principais jornais, hoje sobre o crescimento galopante do seu filho, um arquiteto de apenas 27 anos de idade, que nos \u00faltimos anos fortaleceu a sua conta banc\u00e1ria com mais de R$ 50 milh\u00f5es, a partir de uma empresa beneficiada com \u201cfavores\u201d de empreiteiras que realizavam servi\u00e7os para o Minist\u00e9rio dos Transportes.<\/p>\n<p>O aviso oficial da queda ainda n\u00e3o foi divulgado pelo Pal\u00e1cio do Planalto, mas os deputados e senadores j\u00e1 foram avisados de que sua perman\u00eancia no cargo \u00e9 insustent\u00e1vel. A decis\u00e3o pol\u00edtica j\u00e1 estaria tomada. O jornal o Globo foi decisivo para a queda, porque foi quem primeiro anunciou o enriquecimento il\u00edcito do filho de Nascimento. \u00c9 o segundo ministro de Dilma Rousseff que foi \u00e0 lona em situa\u00e7\u00e3o supostamente delituosa.<\/p>\n<p>Desta vez, a imprensa foi decisiva, mas a presid\u00eancia Dilma Rousseff se adiantou, demitindo quatro diretores importantes do minist\u00e9rio. H\u00e1 tr\u00eas nomes cotados para a substitui\u00e7\u00e3o, entre eles o do ex-senador baiano C\u00e9sar Borges.<\/p>\n","protected":false},"excerpt":{"rendered":"<p>A corrup\u00e7\u00e3o derrubou, afinal, o ministro dos Transportes, Alfredo Nascimento, do PR. O ministro, que se equilibrava com dificuldades no cargo, n\u00e3o resistiu \u00e0s den\u00fancias da imprensa, produzidas nos principais jornais, hoje sobre o crescimento galopante do seu filho, um arquiteto de apenas 27 anos de idade, que nos \u00faltimos anos fortaleceu a sua conta [&hellip;]<\/p>\n","protected":false},"author":2,"featured_media":0,"comment_status":"open","ping_status":"open","sticky":false,"template":"","format":"standard","meta":{"footnotes":"","_links_to":"","_links_to_target":""},"categories":[1],"tags":[],"class_list":["post-6456","post","type-post","status-publish","format-standard","hentry","category-geral"],"views":1088,"_links":{"self":[{"href":"https:\/\/www.sudoestehoje.com.br\/novoportal\/wp-json\/wp\/v2\/posts\/6456","targetHints":{"allow":["GET"]}}],"collection":[{"href":"https:\/\/www.sudoestehoje.com.br\/novoportal\/wp-json\/wp\/v2\/posts"}],"about":[{"href":"https:\/\/www.sudoestehoje.com.br\/novoportal\/wp-json\/wp\/v2\/types\/post"}],"author":[{"embeddable":true,"href":"https:\/\/www.sudoestehoje.com.br\/novoportal\/wp-json\/wp\/v2\/users\/2"}],"replies":[{"embeddable":true,"href":"https:\/\/www.sudoestehoje.com.br\/novoportal\/wp-json\/wp\/v2\/comments?post=6456"}],"version-history":[{"count":6,"href":"https:\/\/www.sudoestehoje.com.br\/novoportal\/wp-json\/wp\/v2\/posts\/6456\/revisions"}],"predecessor-version":[{"id":6462,"href":"https:\/\/www.sudoestehoje.com.br\/novoportal\/wp-json\/wp\/v2\/posts\/6456\/revisions\/6462"}],"wp:attachment":[{"href":"https:\/\/www.sudoestehoje.com.br\/novoportal\/wp-json\/wp\/v2\/media?parent=6456"}],"wp:term":[{"taxonomy":"category","embeddable":true,"href":"https:\/\/www.sudoestehoje.com.br\/novoportal\/wp-json\/wp\/v2\/categories?post=6456"},{"taxonomy":"post_tag","embeddable":true,"href":"https:\/\/www.sudoestehoje.com.br\/novoportal\/wp-json\/wp\/v2\/tags?post=6456"}],"curies":[{"name":"wp","href":"https:\/\/api.w.org\/{rel}","templated":true}]}}