
{"id":64549,"date":"2017-03-25T00:26:58","date_gmt":"2017-03-25T03:26:58","guid":{"rendered":"http:\/\/www.sudoestehoje.com.br\/novoportal\/?p=64549"},"modified":"2017-03-25T00:56:30","modified_gmt":"2017-03-25T03:56:30","slug":"itapetinga-rapaz-e-morto-a-tiros-em-evento-evangelico-no-parque-da-lagoa","status":"publish","type":"post","link":"https:\/\/www.sudoestehoje.com.br\/novoportal\/2017\/03\/25\/itapetinga-rapaz-e-morto-a-tiros-em-evento-evangelico-no-parque-da-lagoa\/","title":{"rendered":"ITAPETINGA: RAPAZ \u00c9 MORTO A TIROS EM EVENTO EVANG\u00c9LICO NO PARQUE DA LAGOA"},"content":{"rendered":"<div id=\"attachment_64550\" style=\"width: 500px\" class=\"wp-caption aligncenter\"><a href=\"http:\/\/www.sudoestehoje.com.br\/novoportal\/wp-content\/uploads\/2017\/03\/lagoas-490x234.jpg\"><img loading=\"lazy\" decoding=\"async\" aria-describedby=\"caption-attachment-64550\" class=\"size-full wp-image-64550\" src=\"http:\/\/www.sudoestehoje.com.br\/novoportal\/wp-content\/uploads\/2017\/03\/lagoas-490x234.jpg\" alt=\"ASSASSINATO ACONTECEU EM MEIO A UMA MULTID\u00c3O DE FI\u00c9IS QUE PARTICIPAVAM DO EVENTO NO PARQUE POLIESPORTIVO DA LAGOA\" width=\"490\" height=\"234\" \/><\/a><p id=\"caption-attachment-64550\" class=\"wp-caption-text\"><strong>ASSASSINATO ACONTECEU EM MEIO A UMA MULTID\u00c3O DE FI\u00c9IS QUE PARTICIPAVAM DO EVENTO NO PARQUE POLIESPORTIVO DA LAGOA<\/strong><\/p><\/div>\n<p>Na noite desta sexta-feira (24), a comunidade evang\u00e9lica de Itapetinga foi abalada com o assassinato a tiros de um jovem de 25 anos, durante a realiza\u00e7\u00e3o do tradicional evento crist\u00e3o, &#8216;Jesus Vida Ver\u00e3o&#8217;, promovido por v\u00e1rias igrejas.<a href=\"http:\/\/www.sudoestehoje.com.br\/novoportal\/wp-content\/uploads\/2017\/03\/morto-na-lagoa.jpeg\"><img loading=\"lazy\" decoding=\"async\" class=\"wp-image-64551 alignleft\" src=\"http:\/\/www.sudoestehoje.com.br\/novoportal\/wp-content\/uploads\/2017\/03\/morto-na-lagoa.jpeg\" alt=\"morto na lagoa\" width=\"151\" height=\"207\" \/><\/a><\/p>\n<p>De acordo com informa\u00e7\u00f5es da pol\u00edcia civil,\u00a0Mateus de Oliveira Santana, conhecido como o \u201cTeteu\u201d, participava do evento religioso quando foi alvejado com 5 tiros por um elemento ainda n\u00e3o identificado, que evadiu do local do crime em uma moto.<\/p>\n<p>Mateus chegou a ser socorrido e levado pelo Samu 192 para o Hospital Cristo Redentor, mas n\u00e3o resistiu aos ferimentos e acabou morreendo.<\/p>\n<p>A Pol\u00edcia Civil, que investiga o caso, informou que o jovem j\u00e1 tinha passagens pela delegacia, inclusive por envolvimento com o tr\u00e1fico de drogas.<\/p>\n<p><strong><em>Por Davi Ferraz &#8211; Fotos: Redes Sociais<\/em><\/strong><\/p>\n","protected":false},"excerpt":{"rendered":"<p>Na noite desta sexta-feira (24), a comunidade evang\u00e9lica de Itapetinga foi abalada com o assassinato a tiros de um jovem de 25 anos, durante a realiza\u00e7\u00e3o do tradicional evento crist\u00e3o, &#8216;Jesus Vida Ver\u00e3o&#8217;, promovido por v\u00e1rias igrejas. De acordo com informa\u00e7\u00f5es da pol\u00edcia civil,\u00a0Mateus de Oliveira Santana, conhecido como o \u201cTeteu\u201d, participava do evento religioso [&hellip;]<\/p>\n","protected":false},"author":2,"featured_media":64550,"comment_status":"open","ping_status":"open","sticky":false,"template":"","format":"standard","meta":{"footnotes":"","_links_to":"","_links_to_target":""},"categories":[1],"tags":[],"class_list":["post-64549","post","type-post","status-publish","format-standard","has-post-thumbnail","hentry","category-geral"],"views":2369,"_links":{"self":[{"href":"https:\/\/www.sudoestehoje.com.br\/novoportal\/wp-json\/wp\/v2\/posts\/64549","targetHints":{"allow":["GET"]}}],"collection":[{"href":"https:\/\/www.sudoestehoje.com.br\/novoportal\/wp-json\/wp\/v2\/posts"}],"about":[{"href":"https:\/\/www.sudoestehoje.com.br\/novoportal\/wp-json\/wp\/v2\/types\/post"}],"author":[{"embeddable":true,"href":"https:\/\/www.sudoestehoje.com.br\/novoportal\/wp-json\/wp\/v2\/users\/2"}],"replies":[{"embeddable":true,"href":"https:\/\/www.sudoestehoje.com.br\/novoportal\/wp-json\/wp\/v2\/comments?post=64549"}],"version-history":[{"count":8,"href":"https:\/\/www.sudoestehoje.com.br\/novoportal\/wp-json\/wp\/v2\/posts\/64549\/revisions"}],"predecessor-version":[{"id":64559,"href":"https:\/\/www.sudoestehoje.com.br\/novoportal\/wp-json\/wp\/v2\/posts\/64549\/revisions\/64559"}],"wp:featuredmedia":[{"embeddable":true,"href":"https:\/\/www.sudoestehoje.com.br\/novoportal\/wp-json\/wp\/v2\/media\/64550"}],"wp:attachment":[{"href":"https:\/\/www.sudoestehoje.com.br\/novoportal\/wp-json\/wp\/v2\/media?parent=64549"}],"wp:term":[{"taxonomy":"category","embeddable":true,"href":"https:\/\/www.sudoestehoje.com.br\/novoportal\/wp-json\/wp\/v2\/categories?post=64549"},{"taxonomy":"post_tag","embeddable":true,"href":"https:\/\/www.sudoestehoje.com.br\/novoportal\/wp-json\/wp\/v2\/tags?post=64549"}],"curies":[{"name":"wp","href":"https:\/\/api.w.org\/{rel}","templated":true}]}}