
{"id":64527,"date":"2017-03-24T18:39:21","date_gmt":"2017-03-24T21:39:21","guid":{"rendered":"http:\/\/www.sudoestehoje.com.br\/novoportal\/?p=64527"},"modified":"2017-03-24T18:39:21","modified_gmt":"2017-03-24T21:39:21","slug":"vereador-diga-diga-e-convidado-para-compor-chapa-na-eleicao-da-uvb","status":"publish","type":"post","link":"https:\/\/www.sudoestehoje.com.br\/novoportal\/2017\/03\/24\/vereador-diga-diga-e-convidado-para-compor-chapa-na-eleicao-da-uvb\/","title":{"rendered":"VEREADOR DIGA DIGA \u00c9 CONVIDADO PARA COMPOR CHAPA NA ELEI\u00c7\u00c3O DA UVB"},"content":{"rendered":"<p><a href=\"http:\/\/www.sudoestehoje.com.br\/novoportal\/wp-content\/uploads\/2017\/03\/DIGA.jpg\"><img loading=\"lazy\" decoding=\"async\" class=\"aligncenter size-medium wp-image-64528\" src=\"http:\/\/www.sudoestehoje.com.br\/novoportal\/wp-content\/uploads\/2017\/03\/DIGA-500x376.jpg\" alt=\"DIGA\" width=\"500\" height=\"376\" srcset=\"https:\/\/www.sudoestehoje.com.br\/novoportal\/wp-content\/uploads\/2017\/03\/DIGA-500x376.jpg 500w, https:\/\/www.sudoestehoje.com.br\/novoportal\/wp-content\/uploads\/2017\/03\/DIGA.jpg 661w\" sizes=\"auto, (max-width: 500px) 100vw, 500px\" \/><\/a><\/p>\n<p>O vereador Diego Queiroz Rodrigues, o \u2018Diga Diga\u2019, do PR, foi convidado nesta quinta-feira (21), para fazer parte da chapa que disputar\u00e1 a presid\u00eancia da Uni\u00e3o dos Vereadores da Bahia (UVB). O convite foi oficializado pela candidata a presidente Edylene Ferreira, que \u00e9 vereadora pelo munic\u00edpio de Serrinha.<\/p>\n<p>Diga Diga agradeceu o convite e se colocou \u00e0 disposi\u00e7\u00e3o: \u201cFico feliz e honrado por ter meu nome em evid\u00eancia, principalmente por ter esse reconhecimento em n\u00edvel estadual, ent\u00e3o, vou ajudar para que a nossa chapa receba o maior n\u00famero poss\u00edvel de votos dos vereadores no territ\u00f3rio do M\u00e9dio Sudoeste\u201d, disse.<\/p>\n<p>A elei\u00e7\u00e3o para escolha da nova diretoria da UVB acontecer\u00e1 no dia 7 de Abril, \u00e0s 9h, no audit\u00f3rio da CEO Salvador Shopping. A posse da nova Mesa Diretora ser\u00e1 ap\u00f3s a elei\u00e7\u00e3o.<\/p>\n","protected":false},"excerpt":{"rendered":"<p>O vereador Diego Queiroz Rodrigues, o \u2018Diga Diga\u2019, do PR, foi convidado nesta quinta-feira (21), para fazer parte da chapa que disputar\u00e1 a presid\u00eancia da Uni\u00e3o dos Vereadores da Bahia (UVB). O convite foi oficializado pela candidata a presidente Edylene Ferreira, que \u00e9 vereadora pelo munic\u00edpio de Serrinha. Diga Diga agradeceu o convite e se [&hellip;]<\/p>\n","protected":false},"author":2,"featured_media":64528,"comment_status":"open","ping_status":"open","sticky":false,"template":"","format":"standard","meta":{"footnotes":"","_links_to":"","_links_to_target":""},"categories":[1],"tags":[],"class_list":["post-64527","post","type-post","status-publish","format-standard","has-post-thumbnail","hentry","category-geral"],"views":1369,"_links":{"self":[{"href":"https:\/\/www.sudoestehoje.com.br\/novoportal\/wp-json\/wp\/v2\/posts\/64527","targetHints":{"allow":["GET"]}}],"collection":[{"href":"https:\/\/www.sudoestehoje.com.br\/novoportal\/wp-json\/wp\/v2\/posts"}],"about":[{"href":"https:\/\/www.sudoestehoje.com.br\/novoportal\/wp-json\/wp\/v2\/types\/post"}],"author":[{"embeddable":true,"href":"https:\/\/www.sudoestehoje.com.br\/novoportal\/wp-json\/wp\/v2\/users\/2"}],"replies":[{"embeddable":true,"href":"https:\/\/www.sudoestehoje.com.br\/novoportal\/wp-json\/wp\/v2\/comments?post=64527"}],"version-history":[{"count":2,"href":"https:\/\/www.sudoestehoje.com.br\/novoportal\/wp-json\/wp\/v2\/posts\/64527\/revisions"}],"predecessor-version":[{"id":64530,"href":"https:\/\/www.sudoestehoje.com.br\/novoportal\/wp-json\/wp\/v2\/posts\/64527\/revisions\/64530"}],"wp:featuredmedia":[{"embeddable":true,"href":"https:\/\/www.sudoestehoje.com.br\/novoportal\/wp-json\/wp\/v2\/media\/64528"}],"wp:attachment":[{"href":"https:\/\/www.sudoestehoje.com.br\/novoportal\/wp-json\/wp\/v2\/media?parent=64527"}],"wp:term":[{"taxonomy":"category","embeddable":true,"href":"https:\/\/www.sudoestehoje.com.br\/novoportal\/wp-json\/wp\/v2\/categories?post=64527"},{"taxonomy":"post_tag","embeddable":true,"href":"https:\/\/www.sudoestehoje.com.br\/novoportal\/wp-json\/wp\/v2\/tags?post=64527"}],"curies":[{"name":"wp","href":"https:\/\/api.w.org\/{rel}","templated":true}]}}