
{"id":64491,"date":"2017-03-21T21:00:15","date_gmt":"2017-03-22T00:00:15","guid":{"rendered":"http:\/\/www.sudoestehoje.com.br\/novoportal\/?p=64491"},"modified":"2017-03-21T21:00:15","modified_gmt":"2017-03-22T00:00:15","slug":"temer-exclui-servidores-estaduais-e-municipais-da-reforma-da-previdencia","status":"publish","type":"post","link":"https:\/\/www.sudoestehoje.com.br\/novoportal\/2017\/03\/21\/temer-exclui-servidores-estaduais-e-municipais-da-reforma-da-previdencia\/","title":{"rendered":"TEMER EXCLUI SERVIDORES ESTADUAIS E MUNICIPAIS DA REFORMA DA PREVID\u00caNCIA"},"content":{"rendered":"<p><a href=\"http:\/\/www.sudoestehoje.com.br\/novoportal\/wp-content\/uploads\/2017\/03\/temer-1.jpg\"><img loading=\"lazy\" decoding=\"async\" class=\"size-medium wp-image-64492\" src=\"http:\/\/www.sudoestehoje.com.br\/novoportal\/wp-content\/uploads\/2017\/03\/temer-1-500x334.jpg\" alt=\"Bras\u00edlia - DF, 21\/03\/2017 POLITICA  Confer\u00eancia das Cidades Latino-Americanas 2017: Bras\u00edlia. Na foto, discurso do Presidente da Rep\u00fablica Michel Temer. Foto: Marcos Corr\u00eaa\/PR\" width=\"500\" height=\"334\" srcset=\"https:\/\/www.sudoestehoje.com.br\/novoportal\/wp-content\/uploads\/2017\/03\/temer-1-500x334.jpg 500w, https:\/\/www.sudoestehoje.com.br\/novoportal\/wp-content\/uploads\/2017\/03\/temer-1.jpg 610w\" sizes=\"auto, (max-width: 500px) 100vw, 500px\" \/><\/a><\/p>\n<p>BRAS\u00cdLIA &#8211; Pressionado por lideran\u00e7as pol\u00edticas e surpreendendo a todos com um pronunciamento chamado \u00e0s pressas no in\u00edcio desta noite, o presidente Michel Temer anunciou que a proposta de reforma da Previd\u00eancia n\u00e3o vai mais incluir a revis\u00e3o das regras para servidores estaduais e municipais. \u00c9 o primeiro recuo oficial do governo na proposta da reforma previdenci\u00e1ria.<\/p>\n<p>O presidente disse que tomou a decis\u00e3o ap\u00f3s v\u00e1rias reuni\u00f5es com lideran\u00e7as da C\u00e2mara e do Senado nos \u00faltimos dias. Nesses encontros, segundo ele, &#8220;surgiu com grande for\u00e7a&#8221; a ideia de que a Uni\u00e3o deveria respeitar a autonomia dos Estados e munic\u00edpios, fortalecer o &#8220;princ\u00edpio federativo&#8221; e fazer com que a reforma atingisse apenas servidores federais.<\/p>\n<p>&#8220;V\u00e1rios Estados j\u00e1 providenciaram sua reformula\u00e7\u00e3o previdenci\u00e1ria. Seria uma relativa invas\u00e3o de compet\u00eancia e n\u00e3o queremos neste momento levar adiante&#8221;, disse, citando como exemplo categorias de policiais civis e professores. &#8220;Funcion\u00e1rios estaduais e municipais, de forma geral, depender\u00e3o da manifesta\u00e7\u00e3o de seus governos estaduais e municipais&#8221;, disse Temer. \/\/Estad\u00e3o<\/p>\n","protected":false},"excerpt":{"rendered":"<p>BRAS\u00cdLIA &#8211; Pressionado por lideran\u00e7as pol\u00edticas e surpreendendo a todos com um pronunciamento chamado \u00e0s pressas no in\u00edcio desta noite, o presidente Michel Temer anunciou que a proposta de reforma da Previd\u00eancia n\u00e3o vai mais incluir a revis\u00e3o das regras para servidores estaduais e municipais. \u00c9 o primeiro recuo oficial do governo na proposta da [&hellip;]<\/p>\n","protected":false},"author":2,"featured_media":64492,"comment_status":"open","ping_status":"open","sticky":false,"template":"","format":"standard","meta":{"footnotes":"","_links_to":"","_links_to_target":""},"categories":[1],"tags":[],"class_list":["post-64491","post","type-post","status-publish","format-standard","has-post-thumbnail","hentry","category-geral"],"views":1723,"_links":{"self":[{"href":"https:\/\/www.sudoestehoje.com.br\/novoportal\/wp-json\/wp\/v2\/posts\/64491","targetHints":{"allow":["GET"]}}],"collection":[{"href":"https:\/\/www.sudoestehoje.com.br\/novoportal\/wp-json\/wp\/v2\/posts"}],"about":[{"href":"https:\/\/www.sudoestehoje.com.br\/novoportal\/wp-json\/wp\/v2\/types\/post"}],"author":[{"embeddable":true,"href":"https:\/\/www.sudoestehoje.com.br\/novoportal\/wp-json\/wp\/v2\/users\/2"}],"replies":[{"embeddable":true,"href":"https:\/\/www.sudoestehoje.com.br\/novoportal\/wp-json\/wp\/v2\/comments?post=64491"}],"version-history":[{"count":1,"href":"https:\/\/www.sudoestehoje.com.br\/novoportal\/wp-json\/wp\/v2\/posts\/64491\/revisions"}],"predecessor-version":[{"id":64493,"href":"https:\/\/www.sudoestehoje.com.br\/novoportal\/wp-json\/wp\/v2\/posts\/64491\/revisions\/64493"}],"wp:featuredmedia":[{"embeddable":true,"href":"https:\/\/www.sudoestehoje.com.br\/novoportal\/wp-json\/wp\/v2\/media\/64492"}],"wp:attachment":[{"href":"https:\/\/www.sudoestehoje.com.br\/novoportal\/wp-json\/wp\/v2\/media?parent=64491"}],"wp:term":[{"taxonomy":"category","embeddable":true,"href":"https:\/\/www.sudoestehoje.com.br\/novoportal\/wp-json\/wp\/v2\/categories?post=64491"},{"taxonomy":"post_tag","embeddable":true,"href":"https:\/\/www.sudoestehoje.com.br\/novoportal\/wp-json\/wp\/v2\/tags?post=64491"}],"curies":[{"name":"wp","href":"https:\/\/api.w.org\/{rel}","templated":true}]}}