
{"id":64487,"date":"2017-03-21T19:47:16","date_gmt":"2017-03-21T22:47:16","guid":{"rendered":"http:\/\/www.sudoestehoje.com.br\/novoportal\/?p=64487"},"modified":"2017-03-21T19:47:16","modified_gmt":"2017-03-21T22:47:16","slug":"denuncia-do-leitor-funcionarios-do-polo-uab-itapetinga-estao-sem-salarios-ha-7-meses","status":"publish","type":"post","link":"https:\/\/www.sudoestehoje.com.br\/novoportal\/2017\/03\/21\/denuncia-do-leitor-funcionarios-do-polo-uab-itapetinga-estao-sem-salarios-ha-7-meses\/","title":{"rendered":"DEN\u00daNCIA DO LEITOR: FUNCION\u00c1RIOS DO POLO UAB ITAPETINGA EST\u00c3O SEM SAL\u00c1RIOS H\u00c1 7 MESES"},"content":{"rendered":"<p><a href=\"http:\/\/www.sudoestehoje.com.br\/novoportal\/wp-content\/uploads\/2017\/03\/UAB.jpg\"><img loading=\"lazy\" decoding=\"async\" class=\"aligncenter size-medium wp-image-64488\" src=\"http:\/\/www.sudoestehoje.com.br\/novoportal\/wp-content\/uploads\/2017\/03\/UAB-500x185.jpg\" alt=\"UAB\" width=\"500\" height=\"185\" srcset=\"https:\/\/www.sudoestehoje.com.br\/novoportal\/wp-content\/uploads\/2017\/03\/UAB-500x185.jpg 500w, https:\/\/www.sudoestehoje.com.br\/novoportal\/wp-content\/uploads\/2017\/03\/UAB-768x285.jpg 768w, https:\/\/www.sudoestehoje.com.br\/novoportal\/wp-content\/uploads\/2017\/03\/UAB-700x259.jpg 700w, https:\/\/www.sudoestehoje.com.br\/novoportal\/wp-content\/uploads\/2017\/03\/UAB.jpg 850w\" sizes=\"auto, (max-width: 500px) 100vw, 500px\" \/><\/a><br \/>\nDevido a um decreto do governador Rui Costa, baixado em 2016, todos os funcion\u00e1rios terceirizados da educa\u00e7\u00e3o estadual passaram ao regime administrativo REDA. Por\u00e9m, isto n\u00e3o aconteceu com 4 funcion\u00e1rios do polo UAB &#8211; ITAPETINGA (UNIVERSIDADE ABERTA DO BRASIL), que est\u00e3o sem receber sal\u00e1rio, mesmo trabalhando numa jornada de 40h semanais, h\u00e1 7 meses.<\/p>\n<p>Recentemente, o vigilante Deusdete de Castro Alves, o conhecido &#8220;Tavo&#8221;, veio a falecer sem receber os meses trabalhados. A situa\u00e7\u00e3o ainda piorou quando foi exigido dos funcion\u00e1rios exames m\u00e9dicos admissionais, cuja taxa \u00e9 de R$ 400,00, valor elevado para quem n\u00e3o vem recebendo os seus sal\u00e1rios.<\/p>\n<p>Devido ao impasse, os funcion\u00e1rios terceirizados temem as suas sa\u00eddas do Polo, devido o fato que o contrato \u00e9 de 1 ano, podendo entretanto ser prorrogado. Ningu\u00e9m responde por eles. E Agora? Ser\u00e1 que o Polo UAB de Itapetinga, uma conquista para mais de 200 alunos, fechar\u00e1 suas portas devido a falta de funcion\u00e1rios?<\/p>\n<p>O Polo UAB \u00e9 um programa que busca ampliar e interiorizar a oferta de cursos e programas de educa\u00e7\u00e3o superior, por meio da educa\u00e7\u00e3o \u00e0 dist\u00e2ncia. A prioridade \u00e9 oferecer forma\u00e7\u00e3o inicial a professores em efetivo exerc\u00edcio na educa\u00e7\u00e3o b\u00e1sica p\u00fablica, por\u00e9m ainda sem gradua\u00e7\u00e3o, al\u00e9m de forma\u00e7\u00e3o continuada \u00e0queles j\u00e1 graduados. No munic\u00edpio de Itapetinga \u00e9 ofertado vagas pela UESC, UESB E UFBA.<\/p>\n","protected":false},"excerpt":{"rendered":"<p>Devido a um decreto do governador Rui Costa, baixado em 2016, todos os funcion\u00e1rios terceirizados da educa\u00e7\u00e3o estadual passaram ao regime administrativo REDA. Por\u00e9m, isto n\u00e3o aconteceu com 4 funcion\u00e1rios do polo UAB &#8211; ITAPETINGA (UNIVERSIDADE ABERTA DO BRASIL), que est\u00e3o sem receber sal\u00e1rio, mesmo trabalhando numa jornada de 40h semanais, h\u00e1 7 meses. Recentemente, [&hellip;]<\/p>\n","protected":false},"author":2,"featured_media":64488,"comment_status":"open","ping_status":"open","sticky":false,"template":"","format":"standard","meta":{"footnotes":"","_links_to":"","_links_to_target":""},"categories":[1],"tags":[],"class_list":["post-64487","post","type-post","status-publish","format-standard","has-post-thumbnail","hentry","category-geral"],"views":2291,"_links":{"self":[{"href":"https:\/\/www.sudoestehoje.com.br\/novoportal\/wp-json\/wp\/v2\/posts\/64487","targetHints":{"allow":["GET"]}}],"collection":[{"href":"https:\/\/www.sudoestehoje.com.br\/novoportal\/wp-json\/wp\/v2\/posts"}],"about":[{"href":"https:\/\/www.sudoestehoje.com.br\/novoportal\/wp-json\/wp\/v2\/types\/post"}],"author":[{"embeddable":true,"href":"https:\/\/www.sudoestehoje.com.br\/novoportal\/wp-json\/wp\/v2\/users\/2"}],"replies":[{"embeddable":true,"href":"https:\/\/www.sudoestehoje.com.br\/novoportal\/wp-json\/wp\/v2\/comments?post=64487"}],"version-history":[{"count":2,"href":"https:\/\/www.sudoestehoje.com.br\/novoportal\/wp-json\/wp\/v2\/posts\/64487\/revisions"}],"predecessor-version":[{"id":64490,"href":"https:\/\/www.sudoestehoje.com.br\/novoportal\/wp-json\/wp\/v2\/posts\/64487\/revisions\/64490"}],"wp:featuredmedia":[{"embeddable":true,"href":"https:\/\/www.sudoestehoje.com.br\/novoportal\/wp-json\/wp\/v2\/media\/64488"}],"wp:attachment":[{"href":"https:\/\/www.sudoestehoje.com.br\/novoportal\/wp-json\/wp\/v2\/media?parent=64487"}],"wp:term":[{"taxonomy":"category","embeddable":true,"href":"https:\/\/www.sudoestehoje.com.br\/novoportal\/wp-json\/wp\/v2\/categories?post=64487"},{"taxonomy":"post_tag","embeddable":true,"href":"https:\/\/www.sudoestehoje.com.br\/novoportal\/wp-json\/wp\/v2\/tags?post=64487"}],"curies":[{"name":"wp","href":"https:\/\/api.w.org\/{rel}","templated":true}]}}