
{"id":64483,"date":"2017-03-21T12:39:35","date_gmt":"2017-03-21T15:39:35","guid":{"rendered":"http:\/\/www.sudoestehoje.com.br\/novoportal\/?p=64483"},"modified":"2017-03-21T12:39:35","modified_gmt":"2017-03-21T15:39:35","slug":"regiao-vita-ambiental-vence-licitacao-para-coleta-de-lixo-em-itambe","status":"publish","type":"post","link":"https:\/\/www.sudoestehoje.com.br\/novoportal\/2017\/03\/21\/regiao-vita-ambiental-vence-licitacao-para-coleta-de-lixo-em-itambe\/","title":{"rendered":"REGI\u00c3O: VITA AMBIENTAL VENCE LICITA\u00c7\u00c3O PARA COLETA DE LIXO EM ITAMB\u00c9"},"content":{"rendered":"<p><a href=\"http:\/\/www.sudoestehoje.com.br\/novoportal\/wp-content\/uploads\/2017\/03\/VITA.jpg\"><img loading=\"lazy\" decoding=\"async\" class=\"wp-image-64484 alignleft\" src=\"http:\/\/www.sudoestehoje.com.br\/novoportal\/wp-content\/uploads\/2017\/03\/VITA.jpg\" alt=\"VITA\" width=\"301\" height=\"301\" srcset=\"https:\/\/www.sudoestehoje.com.br\/novoportal\/wp-content\/uploads\/2017\/03\/VITA.jpg 343w, https:\/\/www.sudoestehoje.com.br\/novoportal\/wp-content\/uploads\/2017\/03\/VITA-150x150.jpg 150w\" sizes=\"auto, (max-width: 301px) 100vw, 301px\" \/><\/a><\/p>\n<p>Nesta segunda-feira (20), a empresa itapetinguense ECO VITA AMBIENTAL participou da licita\u00e7\u00e3o para coleta do lixo em Itamb\u00e9 e saiu vencedora, ficando respons\u00e1vel pela coleta, transporte e destina\u00e7\u00e3o final de todo res\u00edduo s\u00f3lido, res\u00edduo hospitalar e material reciclado do munic\u00edpio.<\/p>\n<p>Haviam, al\u00e9m da VITA, mais 7 empresas disputando o certame, inclusive a empresa que atualmente faz a coleta do lixo em Vit\u00f3ria da Conquista. A vit\u00f3ria da VITA AMBIENTAL nesse pleito t\u00e3o concorrido, comprova e homologa a capacidade, qualidade e dedica\u00e7\u00e3o da empresa no exerc\u00edcio de suas fun\u00e7\u00f5es.<\/p>\n<p>A VITA foi vitoriosa em todos os quesitos exigidos: comprovada capacidade, melhor corpo t\u00e9cnico, licenciamento para atuar em todos os pontos exigidos no Edital e melhor pre\u00e7o.<\/p>\n<p>S\u00f3 pra lembrar, a VITA \u00e9 uma empresa de Itapetinga, a \u00fanica que existe no munic\u00edpio, e sua sede fica na Rua 7 de setembro, no centro.<\/p>\n<p><strong><em>Por Davi Ferraz<\/em><\/strong><\/p>\n","protected":false},"excerpt":{"rendered":"<p>Nesta segunda-feira (20), a empresa itapetinguense ECO VITA AMBIENTAL participou da licita\u00e7\u00e3o para coleta do lixo em Itamb\u00e9 e saiu vencedora, ficando respons\u00e1vel pela coleta, transporte e destina\u00e7\u00e3o final de todo res\u00edduo s\u00f3lido, res\u00edduo hospitalar e material reciclado do munic\u00edpio. Haviam, al\u00e9m da VITA, mais 7 empresas disputando o certame, inclusive a empresa que atualmente [&hellip;]<\/p>\n","protected":false},"author":2,"featured_media":64484,"comment_status":"open","ping_status":"open","sticky":false,"template":"","format":"standard","meta":{"footnotes":"","_links_to":"","_links_to_target":""},"categories":[1],"tags":[],"class_list":["post-64483","post","type-post","status-publish","format-standard","has-post-thumbnail","hentry","category-geral"],"views":1765,"_links":{"self":[{"href":"https:\/\/www.sudoestehoje.com.br\/novoportal\/wp-json\/wp\/v2\/posts\/64483","targetHints":{"allow":["GET"]}}],"collection":[{"href":"https:\/\/www.sudoestehoje.com.br\/novoportal\/wp-json\/wp\/v2\/posts"}],"about":[{"href":"https:\/\/www.sudoestehoje.com.br\/novoportal\/wp-json\/wp\/v2\/types\/post"}],"author":[{"embeddable":true,"href":"https:\/\/www.sudoestehoje.com.br\/novoportal\/wp-json\/wp\/v2\/users\/2"}],"replies":[{"embeddable":true,"href":"https:\/\/www.sudoestehoje.com.br\/novoportal\/wp-json\/wp\/v2\/comments?post=64483"}],"version-history":[{"count":2,"href":"https:\/\/www.sudoestehoje.com.br\/novoportal\/wp-json\/wp\/v2\/posts\/64483\/revisions"}],"predecessor-version":[{"id":64486,"href":"https:\/\/www.sudoestehoje.com.br\/novoportal\/wp-json\/wp\/v2\/posts\/64483\/revisions\/64486"}],"wp:featuredmedia":[{"embeddable":true,"href":"https:\/\/www.sudoestehoje.com.br\/novoportal\/wp-json\/wp\/v2\/media\/64484"}],"wp:attachment":[{"href":"https:\/\/www.sudoestehoje.com.br\/novoportal\/wp-json\/wp\/v2\/media?parent=64483"}],"wp:term":[{"taxonomy":"category","embeddable":true,"href":"https:\/\/www.sudoestehoje.com.br\/novoportal\/wp-json\/wp\/v2\/categories?post=64483"},{"taxonomy":"post_tag","embeddable":true,"href":"https:\/\/www.sudoestehoje.com.br\/novoportal\/wp-json\/wp\/v2\/tags?post=64483"}],"curies":[{"name":"wp","href":"https:\/\/api.w.org\/{rel}","templated":true}]}}