
{"id":6447,"date":"2011-07-06T12:52:38","date_gmt":"2011-07-06T15:52:38","guid":{"rendered":"http:\/\/www.sudoestehoje.com.br\/novoportal\/?p=6447"},"modified":"2011-07-06T12:52:38","modified_gmt":"2011-07-06T15:52:38","slug":"profissao-de-taxista-sera-regulamentada","status":"publish","type":"post","link":"https:\/\/www.sudoestehoje.com.br\/novoportal\/2011\/07\/06\/profissao-de-taxista-sera-regulamentada\/","title":{"rendered":"PROFISS\u00c3O DE TAXISTA SER\u00c1 REGULAMENTADA"},"content":{"rendered":"<p style=\"text-align: center;\"><img decoding=\"async\" src=\"http:\/\/1.bp.blogspot.com\/_Vi30DbHjiuY\/TPg65B9E8nI\/AAAAAAAAALM\/g1p7xdnTDt0\/s1600\/taxista+2.jpg\" alt=\"\" \/><\/p>\n<p>\u00a0<\/p>\n<p>O Senado aprovou na manh\u00e3 desta quarta-feira (6) projeto de lei que regulamenta a profiss\u00e3o de taxista. A medida, que necessita apenas da san\u00e7\u00e3o da presidente Dilma Rousseff (PT) para entrar em vigor, exige dos taxistas que fa\u00e7am cursos de rela\u00e7\u00f5es humanas, dire\u00e7\u00e3o defensiva, mec\u00e2nica e el\u00e9trica b\u00e1sica de ve\u00edculos, al\u00e9m de primeiros-socorros. Os profissionais do volante tamb\u00e9m ter\u00e3o de estar inscritos na Previd\u00eancia Social. Os taxistas que trabalham para empres\u00e1rios frotistas ter\u00e3o direito a um piso salarial, a ser ajustado pelos sindicatos da categoria. De acordo com o projeto, os taxistas poder\u00e3o ser classificados como aut\u00f4nomos, empregados, auxiliares de condutor aut\u00f4nomo e locat\u00e1rios. A autoriza\u00e7\u00e3o do taxi dever\u00e1 ser concedida pelo \u00f3rg\u00e3o municipal respons\u00e1vel e ser\u00e1 permitida a transfer\u00eancia para outra pessoa.<\/p>\n","protected":false},"excerpt":{"rendered":"<p>\u00a0 O Senado aprovou na manh\u00e3 desta quarta-feira (6) projeto de lei que regulamenta a profiss\u00e3o de taxista. A medida, que necessita apenas da san\u00e7\u00e3o da presidente Dilma Rousseff (PT) para entrar em vigor, exige dos taxistas que fa\u00e7am cursos de rela\u00e7\u00f5es humanas, dire\u00e7\u00e3o defensiva, mec\u00e2nica e el\u00e9trica b\u00e1sica de ve\u00edculos, al\u00e9m de primeiros-socorros. Os [&hellip;]<\/p>\n","protected":false},"author":2,"featured_media":0,"comment_status":"open","ping_status":"open","sticky":false,"template":"","format":"standard","meta":{"footnotes":"","_links_to":"","_links_to_target":""},"categories":[1],"tags":[],"class_list":["post-6447","post","type-post","status-publish","format-standard","hentry","category-geral"],"views":3136,"_links":{"self":[{"href":"https:\/\/www.sudoestehoje.com.br\/novoportal\/wp-json\/wp\/v2\/posts\/6447","targetHints":{"allow":["GET"]}}],"collection":[{"href":"https:\/\/www.sudoestehoje.com.br\/novoportal\/wp-json\/wp\/v2\/posts"}],"about":[{"href":"https:\/\/www.sudoestehoje.com.br\/novoportal\/wp-json\/wp\/v2\/types\/post"}],"author":[{"embeddable":true,"href":"https:\/\/www.sudoestehoje.com.br\/novoportal\/wp-json\/wp\/v2\/users\/2"}],"replies":[{"embeddable":true,"href":"https:\/\/www.sudoestehoje.com.br\/novoportal\/wp-json\/wp\/v2\/comments?post=6447"}],"version-history":[{"count":3,"href":"https:\/\/www.sudoestehoje.com.br\/novoportal\/wp-json\/wp\/v2\/posts\/6447\/revisions"}],"predecessor-version":[{"id":6450,"href":"https:\/\/www.sudoestehoje.com.br\/novoportal\/wp-json\/wp\/v2\/posts\/6447\/revisions\/6450"}],"wp:attachment":[{"href":"https:\/\/www.sudoestehoje.com.br\/novoportal\/wp-json\/wp\/v2\/media?parent=6447"}],"wp:term":[{"taxonomy":"category","embeddable":true,"href":"https:\/\/www.sudoestehoje.com.br\/novoportal\/wp-json\/wp\/v2\/categories?post=6447"},{"taxonomy":"post_tag","embeddable":true,"href":"https:\/\/www.sudoestehoje.com.br\/novoportal\/wp-json\/wp\/v2\/tags?post=6447"}],"curies":[{"name":"wp","href":"https:\/\/api.w.org\/{rel}","templated":true}]}}