
{"id":64461,"date":"2017-03-20T18:41:23","date_gmt":"2017-03-20T21:41:23","guid":{"rendered":"http:\/\/www.sudoestehoje.com.br\/novoportal\/?p=64461"},"modified":"2017-03-21T09:50:43","modified_gmt":"2017-03-21T12:50:43","slug":"ze-elias-nao-e-justo-que-um-cidadao-precise-ir-a-justica-para-ter-acesso-a-saude-publica","status":"publish","type":"post","link":"https:\/\/www.sudoestehoje.com.br\/novoportal\/2017\/03\/20\/ze-elias-nao-e-justo-que-um-cidadao-precise-ir-a-justica-para-ter-acesso-a-saude-publica\/","title":{"rendered":"Z\u00c9 ELIAS: &#8220;N\u00c3O \u00c9 JUSTO QUE UM CIDAD\u00c3O PRECISE IR \u00c0 JUSTI\u00c7A PARA TER ACESSO \u00c0 SA\u00daDE P\u00daBLICA&#8221;"},"content":{"rendered":"<p><a href=\"http:\/\/www.sudoestehoje.com.br\/novoportal\/wp-content\/uploads\/2017\/03\/jose-elias-2-1.jpg\"><img loading=\"lazy\" decoding=\"async\" class=\"size-full wp-image-64463 alignleft\" src=\"http:\/\/www.sudoestehoje.com.br\/novoportal\/wp-content\/uploads\/2017\/03\/jose-elias-2-1.jpg\" alt=\"jose-elias-2\" width=\"190\" height=\"193\" \/><\/a><\/p>\n<p>Em entrevista ao programa Boca do Povo, Dr. Silvio Macedo explicou aos mun\u00edcipes as dificuldades encontradas pela equipe da Sa\u00fade para contornar os graves problemas herdados da administra\u00e7\u00e3o passada.<\/p>\n<p>O quadro descrito na entrevista mostra que havia na Secretaria de Sa\u00fade uma gest\u00e3o amadora e desorganizada. Equipamentos sucateados, falta de estoque m\u00ednimo de medicamentos na farm\u00e1cia, relat\u00f3rios defasados e contratos nocivos.<\/p>\n<p>Est\u00e1 parcialmente explicado e assimilado pela popula\u00e7\u00e3o que ser\u00e1 preciso muito trabalho e coragem para dar uma guinada de 90 graus e oferecer um atendimento digno para as pessoas.<\/p>\n<p>N\u00e3o \u00e9 justo que um cidad\u00e3o precise recorrer ao judici\u00e1rio para fazer valer um direito seu. Existem in\u00fameras a\u00e7\u00f5es movidas contra o munic\u00edpio por pessoas que n\u00e3o tiveram seus pleitos atendidos.<\/p>\n<p>Num mandato de quatro anos, possivelmente, cada fam\u00edlia da cidade ter\u00e1 um ente querido precisando de atendimento na rede de sa\u00fade. No momento que precisar de assist\u00eancia, n\u00e3o s\u00f3 o enfermo estar\u00e1 julgando a qualidade do atendimento, mas tamb\u00e9m seus familiares e amigos estar\u00e3o observando se houve um atendimento decente e com resolutividade.<\/p>\n<p>Diagnosticar os problemas \u00e9 meio caminho andado, resolver os problemas \u00e9 o grande desafio. A pasta da Sa\u00fade est\u00e1 bem servida de pessoas com credibilidade e conhecimento especifico, mas s\u00f3 isto n\u00e3o basta.<\/p>\n<p>No momento em que os exames mais elaborados s\u00e3o marcados em prazo razo\u00e1vel, que as cirurgias s\u00e3o realizadas em tempo h\u00e1bil, que os medicamentos cheguem aos usu\u00e1rios, pode-se dizer que valeu a pena mudar.<\/p>\n<p><strong><em>Por Jos\u00e9 Elias Ribeiro<\/em><\/strong><\/p>\n<p><img decoding=\"async\" src=\"http:\/\/www.sudoestehoje.com.br\/novoportal\/wp-content\/uploads\/2014\/11\/Logomarca-HB-Sementes-500x134.jpg\" alt=\"Resultado de imagem para hb sementes\" \/><\/p>\n","protected":false},"excerpt":{"rendered":"<p>Em entrevista ao programa Boca do Povo, Dr. Silvio Macedo explicou aos mun\u00edcipes as dificuldades encontradas pela equipe da Sa\u00fade para contornar os graves problemas herdados da administra\u00e7\u00e3o passada. O quadro descrito na entrevista mostra que havia na Secretaria de Sa\u00fade uma gest\u00e3o amadora e desorganizada. Equipamentos sucateados, falta de estoque m\u00ednimo de medicamentos na [&hellip;]<\/p>\n","protected":false},"author":2,"featured_media":64463,"comment_status":"open","ping_status":"open","sticky":false,"template":"","format":"standard","meta":{"footnotes":"","_links_to":"","_links_to_target":""},"categories":[1],"tags":[],"class_list":["post-64461","post","type-post","status-publish","format-standard","has-post-thumbnail","hentry","category-geral"],"views":1918,"_links":{"self":[{"href":"https:\/\/www.sudoestehoje.com.br\/novoportal\/wp-json\/wp\/v2\/posts\/64461","targetHints":{"allow":["GET"]}}],"collection":[{"href":"https:\/\/www.sudoestehoje.com.br\/novoportal\/wp-json\/wp\/v2\/posts"}],"about":[{"href":"https:\/\/www.sudoestehoje.com.br\/novoportal\/wp-json\/wp\/v2\/types\/post"}],"author":[{"embeddable":true,"href":"https:\/\/www.sudoestehoje.com.br\/novoportal\/wp-json\/wp\/v2\/users\/2"}],"replies":[{"embeddable":true,"href":"https:\/\/www.sudoestehoje.com.br\/novoportal\/wp-json\/wp\/v2\/comments?post=64461"}],"version-history":[{"count":4,"href":"https:\/\/www.sudoestehoje.com.br\/novoportal\/wp-json\/wp\/v2\/posts\/64461\/revisions"}],"predecessor-version":[{"id":64476,"href":"https:\/\/www.sudoestehoje.com.br\/novoportal\/wp-json\/wp\/v2\/posts\/64461\/revisions\/64476"}],"wp:featuredmedia":[{"embeddable":true,"href":"https:\/\/www.sudoestehoje.com.br\/novoportal\/wp-json\/wp\/v2\/media\/64463"}],"wp:attachment":[{"href":"https:\/\/www.sudoestehoje.com.br\/novoportal\/wp-json\/wp\/v2\/media?parent=64461"}],"wp:term":[{"taxonomy":"category","embeddable":true,"href":"https:\/\/www.sudoestehoje.com.br\/novoportal\/wp-json\/wp\/v2\/categories?post=64461"},{"taxonomy":"post_tag","embeddable":true,"href":"https:\/\/www.sudoestehoje.com.br\/novoportal\/wp-json\/wp\/v2\/tags?post=64461"}],"curies":[{"name":"wp","href":"https:\/\/api.w.org\/{rel}","templated":true}]}}