
{"id":64456,"date":"2017-03-20T09:27:39","date_gmt":"2017-03-20T12:27:39","guid":{"rendered":"http:\/\/www.sudoestehoje.com.br\/novoportal\/?p=64456"},"modified":"2017-03-21T09:52:55","modified_gmt":"2017-03-21T12:52:55","slug":"conquista-predio-e-evacuado-e-interditado-apos-estrondo-em-rachadura","status":"publish","type":"post","link":"https:\/\/www.sudoestehoje.com.br\/novoportal\/2017\/03\/20\/conquista-predio-e-evacuado-e-interditado-apos-estrondo-em-rachadura\/","title":{"rendered":"CONQUISTA: PR\u00c9DIO \u00c9 EVACUADO E INTERDITADO AP\u00d3S ESTRONDO EM RACHADURA"},"content":{"rendered":"<p><a href=\"http:\/\/www.sudoestehoje.com.br\/novoportal\/wp-content\/uploads\/2017\/03\/PREDIO-CONQUISTA.jpg\"><img loading=\"lazy\" decoding=\"async\" class=\"aligncenter size-medium wp-image-64457\" src=\"http:\/\/www.sudoestehoje.com.br\/novoportal\/wp-content\/uploads\/2017\/03\/PREDIO-CONQUISTA-500x302.jpg\" alt=\"PREDIO CONQUISTA\" width=\"500\" height=\"302\" srcset=\"https:\/\/www.sudoestehoje.com.br\/novoportal\/wp-content\/uploads\/2017\/03\/PREDIO-CONQUISTA-500x302.jpg 500w, https:\/\/www.sudoestehoje.com.br\/novoportal\/wp-content\/uploads\/2017\/03\/PREDIO-CONQUISTA.jpg 529w\" sizes=\"auto, (max-width: 500px) 100vw, 500px\" \/><\/a><\/p>\n<p>Por volta das 0 h dessa segunda, 20, o estouro provocado por uma rachadura em um pr\u00e9dio na Av. Lauro de Freitas provocou p\u00e2nico.<\/p>\n<p>Os moradores dormiam quando foram surpreendidos pelo forte barulho. Quem estava no apartamento onde ocorreu o incidente demorou a entender o que se passava. Peda\u00e7os do piso de revestimento foram arremessados para todos os lados.<\/p>\n<p>A Pol\u00edcia Militar esteve no local, juntamente com os bombeiros, que interditaram os apartamentos atingidos. A estrutura principal do pr\u00e9dio n\u00e3o ficou comprometida. \/\/BDM<\/p>\n<p><img loading=\"lazy\" decoding=\"async\" class=\"\" src=\"http:\/\/1.bp.blogspot.com\/-4gMAHRphA6k\/UvMG2q4I0VI\/AAAAAAAA5Fs\/XZTqZPydwPc\/s1600\/supermoda2.jpg\" alt=\"Resultado de imagem para SUPERMODA\" width=\"502\" height=\"127\" \/><\/p>\n","protected":false},"excerpt":{"rendered":"<p>Por volta das 0 h dessa segunda, 20, o estouro provocado por uma rachadura em um pr\u00e9dio na Av. Lauro de Freitas provocou p\u00e2nico. Os moradores dormiam quando foram surpreendidos pelo forte barulho. Quem estava no apartamento onde ocorreu o incidente demorou a entender o que se passava. Peda\u00e7os do piso de revestimento foram arremessados [&hellip;]<\/p>\n","protected":false},"author":2,"featured_media":64457,"comment_status":"open","ping_status":"open","sticky":false,"template":"","format":"standard","meta":{"footnotes":"","_links_to":"","_links_to_target":""},"categories":[1],"tags":[],"class_list":["post-64456","post","type-post","status-publish","format-standard","has-post-thumbnail","hentry","category-geral"],"views":1037,"_links":{"self":[{"href":"https:\/\/www.sudoestehoje.com.br\/novoportal\/wp-json\/wp\/v2\/posts\/64456","targetHints":{"allow":["GET"]}}],"collection":[{"href":"https:\/\/www.sudoestehoje.com.br\/novoportal\/wp-json\/wp\/v2\/posts"}],"about":[{"href":"https:\/\/www.sudoestehoje.com.br\/novoportal\/wp-json\/wp\/v2\/types\/post"}],"author":[{"embeddable":true,"href":"https:\/\/www.sudoestehoje.com.br\/novoportal\/wp-json\/wp\/v2\/users\/2"}],"replies":[{"embeddable":true,"href":"https:\/\/www.sudoestehoje.com.br\/novoportal\/wp-json\/wp\/v2\/comments?post=64456"}],"version-history":[{"count":2,"href":"https:\/\/www.sudoestehoje.com.br\/novoportal\/wp-json\/wp\/v2\/posts\/64456\/revisions"}],"predecessor-version":[{"id":64477,"href":"https:\/\/www.sudoestehoje.com.br\/novoportal\/wp-json\/wp\/v2\/posts\/64456\/revisions\/64477"}],"wp:featuredmedia":[{"embeddable":true,"href":"https:\/\/www.sudoestehoje.com.br\/novoportal\/wp-json\/wp\/v2\/media\/64457"}],"wp:attachment":[{"href":"https:\/\/www.sudoestehoje.com.br\/novoportal\/wp-json\/wp\/v2\/media?parent=64456"}],"wp:term":[{"taxonomy":"category","embeddable":true,"href":"https:\/\/www.sudoestehoje.com.br\/novoportal\/wp-json\/wp\/v2\/categories?post=64456"},{"taxonomy":"post_tag","embeddable":true,"href":"https:\/\/www.sudoestehoje.com.br\/novoportal\/wp-json\/wp\/v2\/tags?post=64456"}],"curies":[{"name":"wp","href":"https:\/\/api.w.org\/{rel}","templated":true}]}}