
{"id":64452,"date":"2017-03-19T12:46:46","date_gmt":"2017-03-19T15:46:46","guid":{"rendered":"http:\/\/www.sudoestehoje.com.br\/novoportal\/?p=64452"},"modified":"2017-03-19T13:20:22","modified_gmt":"2017-03-19T16:20:22","slug":"nota-de-falecimento-de-nelson-ferraz-silva","status":"publish","type":"post","link":"https:\/\/www.sudoestehoje.com.br\/novoportal\/2017\/03\/19\/nota-de-falecimento-de-nelson-ferraz-silva\/","title":{"rendered":"NOTA DE FALECIMENTO DE NELSON FERRAZ SILVA"},"content":{"rendered":"<p><img loading=\"lazy\" decoding=\"async\" class=\"\" src=\"http:\/\/www.blogdotarugao.com.br\/v1\/wp-content\/uploads\/2017\/03\/Nelson-Bar.jpg\" alt=\"Nelson Bar\" width=\"500\" height=\"375\" \/><\/p>\n<p>Faleceu, na manh\u00e3 deste domingo, em Vit\u00f3ria da Conquista, o comerciante Nelson Ferraz Silva, popularmente conhecido como &#8216;NELSON DO BAR&#8217;, de causas naturais.<\/p>\n<p>Nelson j\u00e1 vinha doente h\u00e1 alguns meses, e chegou a ser internado em um hospital no Rio de Janeiro, para tratamento cir\u00fargico, mas retornou para Itapetinga, sendo internado por alguns dias na Policlin.<\/p>\n<p>Com o seu quadro de sa\u00fade se agravando, acabou sendo removido para o Hospital S\u00e3o Vicente, em Vit\u00f3ria da Conquista, onde veio a falecer, nesta manh\u00e3.<\/p>\n<p>Nelson era pessoa muito querida e popular em Itapetinga e regi\u00e3o e o seu falecimento enlutou toda a cidade. O corpo ser\u00e1 velado no Cerimonial Pax Perfei\u00e7\u00e3o, localizado na Av. Cinquenten\u00e1rio, em Itapetinga.<\/p>\n<p>O Sudoeste Hoje manifesta o seu imenso pesar pela passagem do primo e amigo Nelson, extensivo \u00e0 toda a fam\u00edlia enlutada.<\/p>\n<p><strong><em>Davi Ferraz &#8211; Editor<\/em><\/strong><\/p>\n","protected":false},"excerpt":{"rendered":"<p>Faleceu, na manh\u00e3 deste domingo, em Vit\u00f3ria da Conquista, o comerciante Nelson Ferraz Silva, popularmente conhecido como &#8216;NELSON DO BAR&#8217;, de causas naturais. Nelson j\u00e1 vinha doente h\u00e1 alguns meses, e chegou a ser internado em um hospital no Rio de Janeiro, para tratamento cir\u00fargico, mas retornou para Itapetinga, sendo internado por alguns dias na [&hellip;]<\/p>\n","protected":false},"author":2,"featured_media":0,"comment_status":"open","ping_status":"open","sticky":false,"template":"","format":"standard","meta":{"footnotes":"","_links_to":"","_links_to_target":""},"categories":[1],"tags":[],"class_list":["post-64452","post","type-post","status-publish","format-standard","hentry","category-geral"],"views":3249,"_links":{"self":[{"href":"https:\/\/www.sudoestehoje.com.br\/novoportal\/wp-json\/wp\/v2\/posts\/64452","targetHints":{"allow":["GET"]}}],"collection":[{"href":"https:\/\/www.sudoestehoje.com.br\/novoportal\/wp-json\/wp\/v2\/posts"}],"about":[{"href":"https:\/\/www.sudoestehoje.com.br\/novoportal\/wp-json\/wp\/v2\/types\/post"}],"author":[{"embeddable":true,"href":"https:\/\/www.sudoestehoje.com.br\/novoportal\/wp-json\/wp\/v2\/users\/2"}],"replies":[{"embeddable":true,"href":"https:\/\/www.sudoestehoje.com.br\/novoportal\/wp-json\/wp\/v2\/comments?post=64452"}],"version-history":[{"count":3,"href":"https:\/\/www.sudoestehoje.com.br\/novoportal\/wp-json\/wp\/v2\/posts\/64452\/revisions"}],"predecessor-version":[{"id":64455,"href":"https:\/\/www.sudoestehoje.com.br\/novoportal\/wp-json\/wp\/v2\/posts\/64452\/revisions\/64455"}],"wp:attachment":[{"href":"https:\/\/www.sudoestehoje.com.br\/novoportal\/wp-json\/wp\/v2\/media?parent=64452"}],"wp:term":[{"taxonomy":"category","embeddable":true,"href":"https:\/\/www.sudoestehoje.com.br\/novoportal\/wp-json\/wp\/v2\/categories?post=64452"},{"taxonomy":"post_tag","embeddable":true,"href":"https:\/\/www.sudoestehoje.com.br\/novoportal\/wp-json\/wp\/v2\/tags?post=64452"}],"curies":[{"name":"wp","href":"https:\/\/api.w.org\/{rel}","templated":true}]}}