
{"id":6443,"date":"2011-07-06T09:24:47","date_gmt":"2011-07-06T12:24:47","guid":{"rendered":"http:\/\/www.sudoestehoje.com.br\/novoportal\/?p=6443"},"modified":"2011-07-06T09:24:47","modified_gmt":"2011-07-06T12:24:47","slug":"professores-da-rede-publica-paralisam-atividades-nesta-quarta","status":"publish","type":"post","link":"https:\/\/www.sudoestehoje.com.br\/novoportal\/2011\/07\/06\/professores-da-rede-publica-paralisam-atividades-nesta-quarta\/","title":{"rendered":"PROFESSORES DA REDE P\u00daBLICA PARALISAM ATIVIDADES NESTA QUARTA"},"content":{"rendered":"<p style=\"text-align: center;\"><img decoding=\"async\" src=\"http:\/\/documentoreservado.com.br\/blog\/wp-content\/uploads\/2009\/08\/SALA_VAZIA.jpg\" alt=\"\" \/><\/p>\n<p style=\"text-align: center;\"><em><strong>Salas de aula vazias nesta quarta-feira<\/strong><\/em><\/p>\n<p>\u00a0<\/p>\n<p>Professores das redes municipal e estadual de ensino suspenderam as atividades nesta quarta-feira (6), por 24 horas, em todo o estado. A paralisa\u00e7\u00e3o integra as manifesta\u00e7\u00f5es pelo Dia de Mobiliza\u00e7\u00e3o Nacional da categoria, que reivindica o piso salarial de R$ 1.587,87, al\u00e9m de aprova\u00e7\u00e3o do Plano de Cargos e Sal\u00e1rios.<\/p>\n<p>Os professores municipais se re\u00fanem pela manh\u00e3 na Pra\u00e7a da Piedade, em Salvador. J\u00e1 os docentes estaduais promovem ato p\u00fablico, tamb\u00e9m pela manh\u00e3, em frente ao Tribunal de Justi\u00e7a (TJ-BA). Com a paralisa\u00e7\u00e3o, mais de 1,2 milh\u00e3o de alunos da rede estadual e 149 mil da municipal ficaram sem aulas. Nesta quinta-feira (7), as escolas voltar\u00e3o a funcionar normalmente. Informa\u00e7\u00f5es do jornal A Tarde<\/p>\n","protected":false},"excerpt":{"rendered":"<p>Salas de aula vazias nesta quarta-feira \u00a0 Professores das redes municipal e estadual de ensino suspenderam as atividades nesta quarta-feira (6), por 24 horas, em todo o estado. A paralisa\u00e7\u00e3o integra as manifesta\u00e7\u00f5es pelo Dia de Mobiliza\u00e7\u00e3o Nacional da categoria, que reivindica o piso salarial de R$ 1.587,87, al\u00e9m de aprova\u00e7\u00e3o do Plano de Cargos [&hellip;]<\/p>\n","protected":false},"author":2,"featured_media":0,"comment_status":"open","ping_status":"open","sticky":false,"template":"","format":"standard","meta":{"footnotes":"","_links_to":"","_links_to_target":""},"categories":[1],"tags":[],"class_list":["post-6443","post","type-post","status-publish","format-standard","hentry","category-geral"],"views":1061,"_links":{"self":[{"href":"https:\/\/www.sudoestehoje.com.br\/novoportal\/wp-json\/wp\/v2\/posts\/6443","targetHints":{"allow":["GET"]}}],"collection":[{"href":"https:\/\/www.sudoestehoje.com.br\/novoportal\/wp-json\/wp\/v2\/posts"}],"about":[{"href":"https:\/\/www.sudoestehoje.com.br\/novoportal\/wp-json\/wp\/v2\/types\/post"}],"author":[{"embeddable":true,"href":"https:\/\/www.sudoestehoje.com.br\/novoportal\/wp-json\/wp\/v2\/users\/2"}],"replies":[{"embeddable":true,"href":"https:\/\/www.sudoestehoje.com.br\/novoportal\/wp-json\/wp\/v2\/comments?post=6443"}],"version-history":[{"count":3,"href":"https:\/\/www.sudoestehoje.com.br\/novoportal\/wp-json\/wp\/v2\/posts\/6443\/revisions"}],"predecessor-version":[{"id":6446,"href":"https:\/\/www.sudoestehoje.com.br\/novoportal\/wp-json\/wp\/v2\/posts\/6443\/revisions\/6446"}],"wp:attachment":[{"href":"https:\/\/www.sudoestehoje.com.br\/novoportal\/wp-json\/wp\/v2\/media?parent=6443"}],"wp:term":[{"taxonomy":"category","embeddable":true,"href":"https:\/\/www.sudoestehoje.com.br\/novoportal\/wp-json\/wp\/v2\/categories?post=6443"},{"taxonomy":"post_tag","embeddable":true,"href":"https:\/\/www.sudoestehoje.com.br\/novoportal\/wp-json\/wp\/v2\/tags?post=6443"}],"curies":[{"name":"wp","href":"https:\/\/api.w.org\/{rel}","templated":true}]}}