
{"id":64425,"date":"2017-03-18T18:35:54","date_gmt":"2017-03-18T21:35:54","guid":{"rendered":"http:\/\/www.sudoestehoje.com.br\/novoportal\/?p=64425"},"modified":"2017-03-18T18:35:54","modified_gmt":"2017-03-18T21:35:54","slug":"mbl-quer-doria-e-acm-neto-na-chapa-presidencial-em-2018","status":"publish","type":"post","link":"https:\/\/www.sudoestehoje.com.br\/novoportal\/2017\/03\/18\/mbl-quer-doria-e-acm-neto-na-chapa-presidencial-em-2018\/","title":{"rendered":"MBL QUER D\u00d3RIA E ACM NETO NA CHAPA PRESIDENCIAL EM 2018"},"content":{"rendered":"<p><a href=\"http:\/\/www.sudoestehoje.com.br\/novoportal\/wp-content\/uploads\/2017\/03\/Joao-Doria-e-acm-neto.jpg\"><img loading=\"lazy\" decoding=\"async\" class=\"size-medium wp-image-64427\" src=\"http:\/\/www.sudoestehoje.com.br\/novoportal\/wp-content\/uploads\/2017\/03\/Joao-Doria-e-acm-neto-500x350.jpg\" alt=\"ELEI\u00c7\u00d5ES-JO\u00c3O-DORIA-ELEITO-PREFEITO\" width=\"500\" height=\"350\" srcset=\"https:\/\/www.sudoestehoje.com.br\/novoportal\/wp-content\/uploads\/2017\/03\/Joao-Doria-e-acm-neto-500x350.jpg 500w, https:\/\/www.sudoestehoje.com.br\/novoportal\/wp-content\/uploads\/2017\/03\/Joao-Doria-e-acm-neto.jpg 600w\" sizes=\"auto, (max-width: 500px) 100vw, 500px\" \/><\/a><\/p>\n<p>O Movimento Brasil Livre (MBL) quer Jo\u00e3o D\u00f3ria (PSDB), prefeito de S\u00e3o Paulo, na cabe\u00e7a de chapa presidencial em 2018, al\u00e9m de ACM Neto (DEM), de Salvador, como vice.<\/p>\n<p>De acordo com a coluna do Estad\u00e3o, dirigentes do grupo que mobiliza protestos em todo o Brasil decidiram fazer campanha aberta para o tucano e o democrata, inclusive com ataques ao senador A\u00e9cio Neves (MG) e o governador Geraldo Alckmin (SP).<\/p>\n<p>Ainda segundo a publica\u00e7\u00e3o, a c\u00fapula tucana diz que D\u00f3ria n\u00e3o tem votos dentro da sigla para se viabilizar como seu candidato ao Pal\u00e1cio do Planalto.<\/p>\n","protected":false},"excerpt":{"rendered":"<p>O Movimento Brasil Livre (MBL) quer Jo\u00e3o D\u00f3ria (PSDB), prefeito de S\u00e3o Paulo, na cabe\u00e7a de chapa presidencial em 2018, al\u00e9m de ACM Neto (DEM), de Salvador, como vice. De acordo com a coluna do Estad\u00e3o, dirigentes do grupo que mobiliza protestos em todo o Brasil decidiram fazer campanha aberta para o tucano e o [&hellip;]<\/p>\n","protected":false},"author":2,"featured_media":64427,"comment_status":"open","ping_status":"open","sticky":false,"template":"","format":"standard","meta":{"footnotes":"","_links_to":"","_links_to_target":""},"categories":[1],"tags":[],"class_list":["post-64425","post","type-post","status-publish","format-standard","has-post-thumbnail","hentry","category-geral"],"views":1681,"_links":{"self":[{"href":"https:\/\/www.sudoestehoje.com.br\/novoportal\/wp-json\/wp\/v2\/posts\/64425","targetHints":{"allow":["GET"]}}],"collection":[{"href":"https:\/\/www.sudoestehoje.com.br\/novoportal\/wp-json\/wp\/v2\/posts"}],"about":[{"href":"https:\/\/www.sudoestehoje.com.br\/novoportal\/wp-json\/wp\/v2\/types\/post"}],"author":[{"embeddable":true,"href":"https:\/\/www.sudoestehoje.com.br\/novoportal\/wp-json\/wp\/v2\/users\/2"}],"replies":[{"embeddable":true,"href":"https:\/\/www.sudoestehoje.com.br\/novoportal\/wp-json\/wp\/v2\/comments?post=64425"}],"version-history":[{"count":3,"href":"https:\/\/www.sudoestehoje.com.br\/novoportal\/wp-json\/wp\/v2\/posts\/64425\/revisions"}],"predecessor-version":[{"id":64429,"href":"https:\/\/www.sudoestehoje.com.br\/novoportal\/wp-json\/wp\/v2\/posts\/64425\/revisions\/64429"}],"wp:featuredmedia":[{"embeddable":true,"href":"https:\/\/www.sudoestehoje.com.br\/novoportal\/wp-json\/wp\/v2\/media\/64427"}],"wp:attachment":[{"href":"https:\/\/www.sudoestehoje.com.br\/novoportal\/wp-json\/wp\/v2\/media?parent=64425"}],"wp:term":[{"taxonomy":"category","embeddable":true,"href":"https:\/\/www.sudoestehoje.com.br\/novoportal\/wp-json\/wp\/v2\/categories?post=64425"},{"taxonomy":"post_tag","embeddable":true,"href":"https:\/\/www.sudoestehoje.com.br\/novoportal\/wp-json\/wp\/v2\/tags?post=64425"}],"curies":[{"name":"wp","href":"https:\/\/api.w.org\/{rel}","templated":true}]}}